{"id":18009,"date":"2013-05-30T21:29:31","date_gmt":"2013-05-31T02:29:31","guid":{"rendered":"http:\/\/contraluzcucuta.co\/?p=18009"},"modified":"2013-05-30T21:29:31","modified_gmt":"2013-05-31T02:29:31","slug":"monsenor-vidal-bendijo-terreno-donde-se-construira-gramalote","status":"publish","type":"post","link":"https:\/\/contraluzcucuta.co\/?p=18009","title":{"rendered":"Monse\u00f1or Vidal bendijo terreno donde se construir\u00e1 Gramalote"},"content":{"rendered":"<p><b>C\u00daCUTA.-<\/b> El Obispo de la Di\u00f3cesis de C\u00facuta, monse\u00f1or Julio C\u00e9sar Vidal, bendijo los terrenos donde se levantar\u00e1 el nuevo casco urbano de Gramalote. El municipio fue destruido, el 17 de diciembre del 2010, por una falla geol\u00f3gica y desde entonces se busca la reposici\u00f3n de las viviendas para los gramaloteros.<\/p>\n<p>Durante el encuentro se mostr\u00f3 la maqueta de la vereda Miraflores, donde se levantar\u00e1 el nuevo municipio. Adem\u00e1s, se llev\u00f3 a cabo un recorrido guiado por la zona.<\/p>\n<p>La din\u00e1mica de la ejecuci\u00f3n del proyecto incluye estudios de urbanismo y arquitectura, dise\u00f1os t\u00e9cnicos de las redes el\u00e9ctricas y de aguas, acompa\u00f1amiento social, y construcci\u00f3n del casco urbano.<\/p>\n<p>El gobernador Edgar D\u00edaz llam\u00f3 al trabajo articulado para que en poco tiempo se reconstruya el municipio. Aval\u00f3 la socializaci\u00f3n cumplida por el Fondo de Adaptaci\u00f3n y la Universidad de Pamplona, destac\u00f3 la recuperaci\u00f3n de las v\u00edas y el casco urbano, y consider\u00f3 indispensable el trabajo sobre el tejido social apoyado por la productividad y los proyectos de vida de los gramaloteros.<\/p>\n<p>En el encuentro las autoridades civiles y la comunidad gramalotera respaldaron la alianza Fondo de Adaptaci\u00f3n \u2013 Universidad de Pamplona para el acompa\u00f1amiento social. El proceso se puso en marcha en mayo.<\/p>\n<p>Mediante la uni\u00f3n de las entidades se identificar\u00e1 a los actores sociales que cumplir\u00e1n un papel clave en la rehabilitaci\u00f3n del municipio, y estar\u00e1n atentos a las alianzas estrat\u00e9gicas en b\u00fasqueda de beneficios para el proceso.<\/p>\n<p>\u201cNo repetiremos errores del pasado, ni pasaremos por encima del ciudadano. La voz de Gramalote ser\u00e1 escuchada y el tiempo estar\u00e1 de nuestro lado\u201d, asegur\u00f3 Elio Serrano, rector de la Universidad.<\/p>\n<p>A la bendici\u00f3n asistieron \u00a0el gobernador Edgar D\u00edaz, la alcaldesa Sonia Rodr\u00edguez, el rector Elio Serrano y el subgerente de Gesti\u00f3n del Riesgo del Fondo de Adaptaci\u00f3n, Alfredo Mart\u00ednez.<\/p>\n<p>&nbsp; <\/p>\n","protected":false},"excerpt":{"rendered":"<p>C\u00daCUTA.- El Obispo de la Di\u00f3cesis de C\u00facuta, monse\u00f1or Julio C\u00e9sar Vidal, bendijo los terrenos donde se levantar\u00e1 el nuevo casco urbano de Gramalote. El municipio fue destruido, el 17 de diciembre del 2010, por una falla geol\u00f3gica y desde entonces se busca la reposici\u00f3n de las viviendas para los gramaloteros. Durante el encuentro se &hellip;<\/p>\n","protected":false},"author":1,"featured_media":18010,"comment_status":"open","ping_status":"open","sticky":false,"template":"","format":"standard","meta":{"footnotes":""},"categories":[32],"tags":[13],"class_list":["post-18009","post","type-post","status-publish","format-standard","has-post-thumbnail","hentry","category-recorrido-por-la-region","tag-gramalote"],"_links":{"self":[{"href":"https:\/\/contraluzcucuta.co\/index.php?rest_route=\/wp\/v2\/posts\/18009","targetHints":{"allow":["GET"]}}],"collection":[{"href":"https:\/\/contraluzcucuta.co\/index.php?rest_route=\/wp\/v2\/posts"}],"about":[{"href":"https:\/\/contraluzcucuta.co\/index.php?rest_route=\/wp\/v2\/types\/post"}],"author":[{"embeddable":true,"href":"https:\/\/contraluzcucuta.co\/index.php?rest_route=\/wp\/v2\/users\/1"}],"replies":[{"embeddable":true,"href":"https:\/\/contraluzcucuta.co\/index.php?rest_route=%2Fwp%2Fv2%2Fcomments&post=18009"}],"version-history":[{"count":1,"href":"https:\/\/contraluzcucuta.co\/index.php?rest_route=\/wp\/v2\/posts\/18009\/revisions"}],"predecessor-version":[{"id":18011,"href":"https:\/\/contraluzcucuta.co\/index.php?rest_route=\/wp\/v2\/posts\/18009\/revisions\/18011"}],"wp:featuredmedia":[{"embeddable":true,"href":"https:\/\/contraluzcucuta.co\/index.php?rest_route=\/wp\/v2\/media\/18010"}],"wp:attachment":[{"href":"https:\/\/contraluzcucuta.co\/index.php?rest_route=%2Fwp%2Fv2%2Fmedia&parent=18009"}],"wp:term":[{"taxonomy":"category","embeddable":true,"href":"https:\/\/contraluzcucuta.co\/index.php?rest_route=%2Fwp%2Fv2%2Fcategories&post=18009"},{"taxonomy":"post_tag","embeddable":true,"href":"https:\/\/contraluzcucuta.co\/index.php?rest_route=%2Fwp%2Fv2%2Ftags&post=18009"}],"curies":[{"name":"wp","href":"https:\/\/api.w.org\/{rel}","templated":true}]}}