{"id":18000,"date":"2013-05-28T21:45:32","date_gmt":"2013-05-29T02:45:32","guid":{"rendered":"http:\/\/contraluzcucuta.co\/?p=18000"},"modified":"2013-05-28T21:45:32","modified_gmt":"2013-05-29T02:45:32","slug":"gobernacion-reafirma-apoyo-a-victimas-del-conflicto","status":"publish","type":"post","link":"https:\/\/contraluzcucuta.co\/?p=18000","title":{"rendered":"Gobernaci\u00f3n reafirma apoyo a v\u00edctimas del conflicto"},"content":{"rendered":"<p><b>C\u00daCUTA.-<\/b> La Gobernaci\u00f3n de Norte de Santander, despu\u00e9s de conocer las cuatro primeras sentencias de restituci\u00f3n de tierras en favor de familias en Tib\u00fa (2 predios rurales y 1 urbano) y El Zulia (1 rural), reafirm\u00f3 el compromiso para ofrecer una reparaci\u00f3n no s\u00f3lo material sino integral a la poblaci\u00f3n afectada por el conflicto armado<\/p>\n<p>Basados en los fallos proferidos por el Tribunal Superior de C\u00facuta, sobre restituci\u00f3n de tierras, representantes de las entidades que hacen parte del Sistema Nacional de Atenci\u00f3n y Reparaci\u00f3n a la V\u00edctimas revisaron de qu\u00e9 forma brindar\u00e1n acompa\u00f1amiento a los n\u00facleos familiares beneficiados con las decisiones judiciales.<\/p>\n<p>Para la actuaci\u00f3n posterior tendr\u00e1n presente las medidas de satisfacci\u00f3n y rehabilitaci\u00f3n consagradas en la Ley 1448. El Sistema examinar\u00e1 si los inscritos en la base de datos que maneja la Unidad de V\u00edctimas cuentan con el Registro \u00danico de V\u00edctimas (RUV) y si est\u00e1n afiliados a salud.<\/p>\n<p>La Secretar\u00eda de V\u00edctimas articula una oferta de acuerdo con los programas y los proyectos que ejecuta la administraci\u00f3n departamental por medio de los despachos que dirigen acciones en pro de las v\u00edctimas del conflicto.<\/p>\n<p>\u201cEstamos interesados en vincular no s\u00f3lo a la v\u00edctima sino a la familia a aquellos servicios que garanticen una mejor calidad de vida, como lo es incluirlos a los proyectos productivos y de mejoramiento de vivienda\u201d, expres\u00f3 el secretario Ronald Contreras.<\/p>\n<p>En el encuentro, que tuvo lugar en la Unidad de Restituci\u00f3n de Tierras Regional Norte de Santander, participaron delegados de la Secretar\u00eda de Gobierno, de la Unidad de Atenci\u00f3n a las V\u00edctimas, del Banco Agrario, del Sena y del ICBF.<\/p>\n<p>&nbsp; <\/p>\n","protected":false},"excerpt":{"rendered":"<p>C\u00daCUTA.- La Gobernaci\u00f3n de Norte de Santander, despu\u00e9s de conocer las cuatro primeras sentencias de restituci\u00f3n de tierras en favor de familias en Tib\u00fa (2 predios rurales y 1 urbano) y El Zulia (1 rural), reafirm\u00f3 el compromiso para ofrecer una reparaci\u00f3n no s\u00f3lo material sino integral a la poblaci\u00f3n afectada por el conflicto armado &hellip;<\/p>\n","protected":false},"author":1,"featured_media":18001,"comment_status":"open","ping_status":"open","sticky":false,"template":"","format":"standard","meta":{"footnotes":""},"categories":[4,5],"tags":[679],"class_list":["post-18000","post","type-post","status-publish","format-standard","has-post-thumbnail","hentry","category-barra","category-justicia-transicional","tag-victimas-del-conflicto-en-norte-de-santander"],"_links":{"self":[{"href":"https:\/\/contraluzcucuta.co\/index.php?rest_route=\/wp\/v2\/posts\/18000","targetHints":{"allow":["GET"]}}],"collection":[{"href":"https:\/\/contraluzcucuta.co\/index.php?rest_route=\/wp\/v2\/posts"}],"about":[{"href":"https:\/\/contraluzcucuta.co\/index.php?rest_route=\/wp\/v2\/types\/post"}],"author":[{"embeddable":true,"href":"https:\/\/contraluzcucuta.co\/index.php?rest_route=\/wp\/v2\/users\/1"}],"replies":[{"embeddable":true,"href":"https:\/\/contraluzcucuta.co\/index.php?rest_route=%2Fwp%2Fv2%2Fcomments&post=18000"}],"version-history":[{"count":1,"href":"https:\/\/contraluzcucuta.co\/index.php?rest_route=\/wp\/v2\/posts\/18000\/revisions"}],"predecessor-version":[{"id":18002,"href":"https:\/\/contraluzcucuta.co\/index.php?rest_route=\/wp\/v2\/posts\/18000\/revisions\/18002"}],"wp:featuredmedia":[{"embeddable":true,"href":"https:\/\/contraluzcucuta.co\/index.php?rest_route=\/wp\/v2\/media\/18001"}],"wp:attachment":[{"href":"https:\/\/contraluzcucuta.co\/index.php?rest_route=%2Fwp%2Fv2%2Fmedia&parent=18000"}],"wp:term":[{"taxonomy":"category","embeddable":true,"href":"https:\/\/contraluzcucuta.co\/index.php?rest_route=%2Fwp%2Fv2%2Fcategories&post=18000"},{"taxonomy":"post_tag","embeddable":true,"href":"https:\/\/contraluzcucuta.co\/index.php?rest_route=%2Fwp%2Fv2%2Ftags&post=18000"}],"curies":[{"name":"wp","href":"https:\/\/api.w.org\/{rel}","templated":true}]}}