{"id":17995,"date":"2013-05-28T21:28:48","date_gmt":"2013-05-29T02:28:48","guid":{"rendered":"http:\/\/contraluzcucuta.co\/?p=17995"},"modified":"2013-05-28T21:28:48","modified_gmt":"2013-05-29T02:28:48","slug":"ifinorte-entrego-50-millones-a-microempresarios","status":"publish","type":"post","link":"https:\/\/contraluzcucuta.co\/?p=17995","title":{"rendered":"Ifinorte entreg\u00f3 $ 50 millones a microempresarios"},"content":{"rendered":"<p><b>EL ZULIA.-<\/b> Cincuenta millones quinientos mil pesos entreg\u00f3 el Instituto Financiero para el Desarrollo de Norte de Santander (Ifinorte) para \u00a0microcr\u00e9ditos a 15 emprendedores del sector rural de El Zulia. \u00a0El acto \u00a0se cumpli\u00f3 el 27 de mayo, en la sede del gobierno zuliano.<\/p>\n<p>Entre las actividades econ\u00f3micas respaldadas con los recursos figuran carnicer\u00eda, cat\u00e1logos, cr\u00eda de pollos, restaurante y zapater\u00eda. Los cr\u00e9ditos los entreg\u00f3 el fondo Prodenor por intermedio\u00a0 del operador Cotrasfenor E.U.<\/p>\n<p>Mar\u00eda Mercedes Ar\u00e9valo, beneficiaria con $ 2,0 millones para invertir en venta de cat\u00e1logo, agradeci\u00f3 a Ifinorte, porque ha aumentado la econom\u00eda y ha mejorado la calidad de vida.<\/p>\n<p>Juana Ibarra \u00a0recibi\u00f3 $ 4,0 millones para invertir en pasteler\u00eda. Asegur\u00f3 que cumple con los pagos puntualmente, para que otros puedan\u00a0\u00a0 beneficiarse con los empr\u00e9stitos.<\/p>\n<p>Jairo Salcedo \u00a0no disimul\u00f3 la felicidad cuando recibi\u00f3 $ 6,0 millones para invertir en carnicer\u00eda. Felicit\u00f3 al alcalde Manuel Orlando Portilla por\u00a0 la gesti\u00f3n cumplida ante Ifinorte para hacer realidad su sue\u00f1o.<\/p>\n<p>\u201cIfinorte continuar\u00e1 cumpli\u00e9ndoles a los microempresarios de la regi\u00f3n. A la expectativa est\u00e1n Arboledas, Santiago y Chitag\u00e1\u201d, dijo C\u00e9sar Rojas Ayala, gerente general del instituto.<\/p>\n<p>&nbsp; <\/p>\n","protected":false},"excerpt":{"rendered":"<p>EL ZULIA.- Cincuenta millones quinientos mil pesos entreg\u00f3 el Instituto Financiero para el Desarrollo de Norte de Santander (Ifinorte) para \u00a0microcr\u00e9ditos a 15 emprendedores del sector rural de El Zulia. \u00a0El acto \u00a0se cumpli\u00f3 el 27 de mayo, en la sede del gobierno zuliano. Entre las actividades econ\u00f3micas respaldadas con los recursos figuran carnicer\u00eda, cat\u00e1logos, &hellip;<\/p>\n","protected":false},"author":1,"featured_media":17998,"comment_status":"open","ping_status":"open","sticky":false,"template":"","format":"standard","meta":{"footnotes":""},"categories":[32],"tags":[571],"class_list":["post-17995","post","type-post","status-publish","format-standard","has-post-thumbnail","hentry","category-recorrido-por-la-region","tag-ifinorte"],"_links":{"self":[{"href":"https:\/\/contraluzcucuta.co\/index.php?rest_route=\/wp\/v2\/posts\/17995","targetHints":{"allow":["GET"]}}],"collection":[{"href":"https:\/\/contraluzcucuta.co\/index.php?rest_route=\/wp\/v2\/posts"}],"about":[{"href":"https:\/\/contraluzcucuta.co\/index.php?rest_route=\/wp\/v2\/types\/post"}],"author":[{"embeddable":true,"href":"https:\/\/contraluzcucuta.co\/index.php?rest_route=\/wp\/v2\/users\/1"}],"replies":[{"embeddable":true,"href":"https:\/\/contraluzcucuta.co\/index.php?rest_route=%2Fwp%2Fv2%2Fcomments&post=17995"}],"version-history":[{"count":1,"href":"https:\/\/contraluzcucuta.co\/index.php?rest_route=\/wp\/v2\/posts\/17995\/revisions"}],"predecessor-version":[{"id":17999,"href":"https:\/\/contraluzcucuta.co\/index.php?rest_route=\/wp\/v2\/posts\/17995\/revisions\/17999"}],"wp:featuredmedia":[{"embeddable":true,"href":"https:\/\/contraluzcucuta.co\/index.php?rest_route=\/wp\/v2\/media\/17998"}],"wp:attachment":[{"href":"https:\/\/contraluzcucuta.co\/index.php?rest_route=%2Fwp%2Fv2%2Fmedia&parent=17995"}],"wp:term":[{"taxonomy":"category","embeddable":true,"href":"https:\/\/contraluzcucuta.co\/index.php?rest_route=%2Fwp%2Fv2%2Fcategories&post=17995"},{"taxonomy":"post_tag","embeddable":true,"href":"https:\/\/contraluzcucuta.co\/index.php?rest_route=%2Fwp%2Fv2%2Ftags&post=17995"}],"curies":[{"name":"wp","href":"https:\/\/api.w.org\/{rel}","templated":true}]}}