{"id":17982,"date":"2013-05-28T20:26:16","date_gmt":"2013-05-29T01:26:16","guid":{"rendered":"http:\/\/contraluzcucuta.co\/?p=17982"},"modified":"2013-05-28T20:26:16","modified_gmt":"2013-05-29T01:26:16","slug":"cucuta-cumplira-280-anos-el-17-de-junio","status":"publish","type":"post","link":"https:\/\/contraluzcucuta.co\/?p=17982","title":{"rendered":"C\u00facuta cumplir\u00e1 280 a\u00f1os, el 17 de junio"},"content":{"rendered":"<p><b>C\u00daCUTA.-<\/b> El 17 de junio, C\u00facuta cumplir\u00e1 280 a\u00f1os de fundada. Ese d\u00eda se recordar\u00e1 la firma del acta de cesi\u00f3n de tierras por parte de do\u00f1a Juana Rangel de Cu\u00e9llar para dar inicio al caser\u00edo que luego se convertir\u00eda en la capital de Norte de Santander.<\/p>\n<p>Para la celebraci\u00f3n la administraci\u00f3n municipal prepara una programaci\u00f3n especial con apoyo de las secretar\u00edas de Cultura y Educaci\u00f3n, que incluye el acto solemne, actividades culturales, el desfile de bandas por la paz y la concentraci\u00f3n en el estadio General Santander.<\/p>\n<p>Se conmemorar\u00e1n 280 a\u00f1os de la Muy Noble, Valerosa y Leal Villa de San Jos\u00e9 de C\u00facuta, como la denomin\u00f3 el rey Carlos IV. Ni\u00f1os, j\u00f3venes y adultos dar\u00e1n muestra de lo que saben sobre la historia de la ciudad.<\/p>\n<p>En la celebraci\u00f3n se entregar\u00e1n computadores port\u00e1tiles como parte del programa \u2018Hagamos la tarea\u2019. Los premios los recibir\u00e1n los estudiantes destacados en escuelas y colegios.<\/p>\n<p>La programaci\u00f3n servir\u00e1 como preparaci\u00f3n para los 300 a\u00f1os de C\u00facuta, en el 2033.<\/p>\n<p>&nbsp; <\/p>\n","protected":false},"excerpt":{"rendered":"<p>C\u00daCUTA.- El 17 de junio, C\u00facuta cumplir\u00e1 280 a\u00f1os de fundada. Ese d\u00eda se recordar\u00e1 la firma del acta de cesi\u00f3n de tierras por parte de do\u00f1a Juana Rangel de Cu\u00e9llar para dar inicio al caser\u00edo que luego se convertir\u00eda en la capital de Norte de Santander. Para la celebraci\u00f3n la administraci\u00f3n municipal prepara una &hellip;<\/p>\n","protected":false},"author":1,"featured_media":17983,"comment_status":"open","ping_status":"open","sticky":false,"template":"","format":"standard","meta":{"footnotes":""},"categories":[6],"tags":[677],"class_list":["post-17982","post","type-post","status-publish","format-standard","has-post-thumbnail","hentry","category-ojo-avizor","tag-cucuta-280-anos"],"_links":{"self":[{"href":"https:\/\/contraluzcucuta.co\/index.php?rest_route=\/wp\/v2\/posts\/17982","targetHints":{"allow":["GET"]}}],"collection":[{"href":"https:\/\/contraluzcucuta.co\/index.php?rest_route=\/wp\/v2\/posts"}],"about":[{"href":"https:\/\/contraluzcucuta.co\/index.php?rest_route=\/wp\/v2\/types\/post"}],"author":[{"embeddable":true,"href":"https:\/\/contraluzcucuta.co\/index.php?rest_route=\/wp\/v2\/users\/1"}],"replies":[{"embeddable":true,"href":"https:\/\/contraluzcucuta.co\/index.php?rest_route=%2Fwp%2Fv2%2Fcomments&post=17982"}],"version-history":[{"count":2,"href":"https:\/\/contraluzcucuta.co\/index.php?rest_route=\/wp\/v2\/posts\/17982\/revisions"}],"predecessor-version":[{"id":17985,"href":"https:\/\/contraluzcucuta.co\/index.php?rest_route=\/wp\/v2\/posts\/17982\/revisions\/17985"}],"wp:featuredmedia":[{"embeddable":true,"href":"https:\/\/contraluzcucuta.co\/index.php?rest_route=\/wp\/v2\/media\/17983"}],"wp:attachment":[{"href":"https:\/\/contraluzcucuta.co\/index.php?rest_route=%2Fwp%2Fv2%2Fmedia&parent=17982"}],"wp:term":[{"taxonomy":"category","embeddable":true,"href":"https:\/\/contraluzcucuta.co\/index.php?rest_route=%2Fwp%2Fv2%2Fcategories&post=17982"},{"taxonomy":"post_tag","embeddable":true,"href":"https:\/\/contraluzcucuta.co\/index.php?rest_route=%2Fwp%2Fv2%2Ftags&post=17982"}],"curies":[{"name":"wp","href":"https:\/\/api.w.org\/{rel}","templated":true}]}}