{"id":17958,"date":"2013-05-28T05:17:35","date_gmt":"2013-05-28T10:17:35","guid":{"rendered":"http:\/\/contraluzcucuta.co\/?p=17958"},"modified":"2013-05-28T05:17:35","modified_gmt":"2013-05-28T10:17:35","slug":"cero-homicidios-en-el-dia-de-la-madre","status":"publish","type":"post","link":"https:\/\/contraluzcucuta.co\/?p=17958","title":{"rendered":"Cero homicidios en el D\u00eda de la Madre"},"content":{"rendered":"<p><b>C\u00daCUTA.-<\/b> Entre las 6:00 de la ma\u00f1ana del 25 de mayo y las 6:00 de la ma\u00f1ana del 26, celebraci\u00f3n del D\u00eda de la Madre, no hubo homicidios en C\u00facuta y los municipios metropolitanos.<\/p>\n<p>En las festividades prevaleci\u00f3 la integraci\u00f3n familiar. Los casos de ri\u00f1as se redujeron, en comparaci\u00f3n con los \u00faltimos 10 a\u00f1os. Este fin de semana es el m\u00e1s pac\u00edfico, con cero reportes de homicidios, frente a los ocho del 2012 y los cinco del 2011.<\/p>\n<p>La comunidad fue receptiva de las campa\u00f1as preventivas y las invitaciones a festejar en paz, con tolerancia social y atendiendo los requerimientos de los 750 uniformados de los cuadrantes y especialidades.<\/p>\n<p>Los controles se llevaron a cabo para regular el cumplimiento de las normas de Tr\u00e1nsito. Se inmovilizaron 300 motocicletas por infringir la restricci\u00f3n de parrillero y transitar luego de las 11:00 de la noche. Los controles contribuyeron a la reducci\u00f3n de los accidentes. <\/p>\n","protected":false},"excerpt":{"rendered":"<p>C\u00daCUTA.- Entre las 6:00 de la ma\u00f1ana del 25 de mayo y las 6:00 de la ma\u00f1ana del 26, celebraci\u00f3n del D\u00eda de la Madre, no hubo homicidios en C\u00facuta y los municipios metropolitanos. En las festividades prevaleci\u00f3 la integraci\u00f3n familiar. Los casos de ri\u00f1as se redujeron, en comparaci\u00f3n con los \u00faltimos 10 a\u00f1os. Este &hellip;<\/p>\n","protected":false},"author":1,"featured_media":17959,"comment_status":"open","ping_status":"open","sticky":false,"template":"","format":"standard","meta":{"footnotes":""},"categories":[11,4],"tags":[675,293],"class_list":["post-17958","post","type-post","status-publish","format-standard","has-post-thumbnail","hentry","category-cronica-roja","category-barra","tag-coronel-carlos-rodriguez","tag-policia-metropolitana-de-cucuta"],"_links":{"self":[{"href":"https:\/\/contraluzcucuta.co\/index.php?rest_route=\/wp\/v2\/posts\/17958","targetHints":{"allow":["GET"]}}],"collection":[{"href":"https:\/\/contraluzcucuta.co\/index.php?rest_route=\/wp\/v2\/posts"}],"about":[{"href":"https:\/\/contraluzcucuta.co\/index.php?rest_route=\/wp\/v2\/types\/post"}],"author":[{"embeddable":true,"href":"https:\/\/contraluzcucuta.co\/index.php?rest_route=\/wp\/v2\/users\/1"}],"replies":[{"embeddable":true,"href":"https:\/\/contraluzcucuta.co\/index.php?rest_route=%2Fwp%2Fv2%2Fcomments&post=17958"}],"version-history":[{"count":1,"href":"https:\/\/contraluzcucuta.co\/index.php?rest_route=\/wp\/v2\/posts\/17958\/revisions"}],"predecessor-version":[{"id":17960,"href":"https:\/\/contraluzcucuta.co\/index.php?rest_route=\/wp\/v2\/posts\/17958\/revisions\/17960"}],"wp:featuredmedia":[{"embeddable":true,"href":"https:\/\/contraluzcucuta.co\/index.php?rest_route=\/wp\/v2\/media\/17959"}],"wp:attachment":[{"href":"https:\/\/contraluzcucuta.co\/index.php?rest_route=%2Fwp%2Fv2%2Fmedia&parent=17958"}],"wp:term":[{"taxonomy":"category","embeddable":true,"href":"https:\/\/contraluzcucuta.co\/index.php?rest_route=%2Fwp%2Fv2%2Fcategories&post=17958"},{"taxonomy":"post_tag","embeddable":true,"href":"https:\/\/contraluzcucuta.co\/index.php?rest_route=%2Fwp%2Fv2%2Ftags&post=17958"}],"curies":[{"name":"wp","href":"https:\/\/api.w.org\/{rel}","templated":true}]}}