{"id":17955,"date":"2013-05-28T05:12:33","date_gmt":"2013-05-28T10:12:33","guid":{"rendered":"http:\/\/contraluzcucuta.co\/?p=17955"},"modified":"2013-05-28T05:12:33","modified_gmt":"2013-05-28T10:12:33","slug":"gramalote-en-el-2015-terminara-la-odisea","status":"publish","type":"post","link":"https:\/\/contraluzcucuta.co\/?p=17955","title":{"rendered":"Gramalote. En el 2015, terminar\u00e1 la odisea"},"content":{"rendered":"<p><b>C\u00daCUTA.-<\/b> En 60 hect\u00e1reas de la vereda Miraflores se construir\u00e1 el casco urbano de Gramalote. As\u00ed se dio a conocer ante los gramaloteros, el 25 de mayo, en la \u00faltima socializaci\u00f3n sobre las condiciones del lugar.<\/p>\n<p>Un proyecto que \u00a0llam\u00f3 la atenci\u00f3n para el reasentamiento del municipio es el convenio interadministrativo entre la Universidad de Pamplona y el Fondo Adaptaci\u00f3n para la conformaci\u00f3n del tejido social de la poblaci\u00f3n. La instituci\u00f3n de educaci\u00f3n superior les permitir\u00e1 a 50 j\u00f3venes del municipio adelantar, gratis, una carrera profesional t\u00e9cnica o tecnol\u00f3gica.<\/p>\n<p>Gramalote fue destruido por la naturaleza, el 17 de diciembre de 2010. Desde entonces los habitantes han pasado sus d\u00edas en refugios, en casas de amigos y al amparo de familiares.<\/p>\n<p>Los gramaloteros tendr\u00e1n la oportunidad de desarrollar alianzas productivas que permitan el desarrollo econ\u00f3mico de la zona y favorecer la estabilidad de los pobladores desde el primer momento que regresen al nuevo casco urbano. Para estos proyectos se han destinado $ 300 millones.<\/p>\n<p>Como parte de la \u00faltima socializaci\u00f3n dentro del cronograma que maneja el Fondo Adaptaci\u00f3n para dar a conocer los detalles y resolver las dudas de la comunidad entorno a la zona para el reasentamiento, la administraci\u00f3n departamental ide\u00f3 una maqueta a escala para profundizar en los l\u00edmites de la zona urbana y de reserva ambiental.<\/p>\n<p>Del total del \u00e1rea, 40 hect\u00e1reas son urbanizables y 20 hect\u00e1reas quedaron como zona de reserva forestal, teniendo en cuenta la cercan\u00eda del lugar con la reserva natural El Bojoso, con el objetivo de mostrar un municipio respetuoso de la naturaleza.<\/p>\n<p>Se han identificado 1300 n\u00facleos familiares y el Ministerio de Vivienda construir\u00e1 400 casas de inter\u00e9s prioritario, destinadas a la poblaci\u00f3n de escasos recursos que no ten\u00eda casa en Gramalote. El Fondo edificar\u00e1 600 casas.<\/p>\n<p>Entre el 2011 y el 2012 se adelantaron los estudios para la escogencia del lugar donde se llevar\u00e1 a cabo el reasentamiento. En el 2013, se terminaron los estudios espec\u00edficos. En el 2014, iniciar\u00e1 la construcci\u00f3n que ir\u00eda hacia finales del 2015.<\/p>\n<p>En la jornada de socializaci\u00f3n participaron el gobernador Edgar D\u00edaz; monse\u00f1or Julio C\u00e9sar Vidal, obispo de C\u00facuta; Sonia Rodr\u00edguez, alcaldesa de Gramalote; Alfredo Mart\u00ednez, subgerente de Gesti\u00f3n de Riesgos, y Elio Serrano, rector de la Universidad de Pamplona. <\/p>\n","protected":false},"excerpt":{"rendered":"<p>C\u00daCUTA.- En 60 hect\u00e1reas de la vereda Miraflores se construir\u00e1 el casco urbano de Gramalote. As\u00ed se dio a conocer ante los gramaloteros, el 25 de mayo, en la \u00faltima socializaci\u00f3n sobre las condiciones del lugar. Un proyecto que \u00a0llam\u00f3 la atenci\u00f3n para el reasentamiento del municipio es el convenio interadministrativo entre la Universidad de &hellip;<\/p>\n","protected":false},"author":1,"featured_media":17956,"comment_status":"open","ping_status":"open","sticky":false,"template":"","format":"standard","meta":{"footnotes":""},"categories":[32],"tags":[13],"class_list":["post-17955","post","type-post","status-publish","format-standard","has-post-thumbnail","hentry","category-recorrido-por-la-region","tag-gramalote"],"_links":{"self":[{"href":"https:\/\/contraluzcucuta.co\/index.php?rest_route=\/wp\/v2\/posts\/17955","targetHints":{"allow":["GET"]}}],"collection":[{"href":"https:\/\/contraluzcucuta.co\/index.php?rest_route=\/wp\/v2\/posts"}],"about":[{"href":"https:\/\/contraluzcucuta.co\/index.php?rest_route=\/wp\/v2\/types\/post"}],"author":[{"embeddable":true,"href":"https:\/\/contraluzcucuta.co\/index.php?rest_route=\/wp\/v2\/users\/1"}],"replies":[{"embeddable":true,"href":"https:\/\/contraluzcucuta.co\/index.php?rest_route=%2Fwp%2Fv2%2Fcomments&post=17955"}],"version-history":[{"count":1,"href":"https:\/\/contraluzcucuta.co\/index.php?rest_route=\/wp\/v2\/posts\/17955\/revisions"}],"predecessor-version":[{"id":17957,"href":"https:\/\/contraluzcucuta.co\/index.php?rest_route=\/wp\/v2\/posts\/17955\/revisions\/17957"}],"wp:featuredmedia":[{"embeddable":true,"href":"https:\/\/contraluzcucuta.co\/index.php?rest_route=\/wp\/v2\/media\/17956"}],"wp:attachment":[{"href":"https:\/\/contraluzcucuta.co\/index.php?rest_route=%2Fwp%2Fv2%2Fmedia&parent=17955"}],"wp:term":[{"taxonomy":"category","embeddable":true,"href":"https:\/\/contraluzcucuta.co\/index.php?rest_route=%2Fwp%2Fv2%2Fcategories&post=17955"},{"taxonomy":"post_tag","embeddable":true,"href":"https:\/\/contraluzcucuta.co\/index.php?rest_route=%2Fwp%2Fv2%2Ftags&post=17955"}],"curies":[{"name":"wp","href":"https:\/\/api.w.org\/{rel}","templated":true}]}}