{"id":17938,"date":"2013-05-23T22:06:16","date_gmt":"2013-05-24T03:06:16","guid":{"rendered":"http:\/\/contraluzcucuta.co\/?p=17938"},"modified":"2013-05-23T22:06:16","modified_gmt":"2013-05-24T03:06:16","slug":"28-veredas-de-el-catatumbo-tendran-electrificacion","status":"publish","type":"post","link":"https:\/\/contraluzcucuta.co\/?p=17938","title":{"rendered":"28 veredas de El Catatumbo tendr\u00e1n electrificaci\u00f3n"},"content":{"rendered":"<p><b>C\u00daCUTA.-<\/b> Veintis\u00e9is veredas de Tib\u00fa y dos de El Tarra se beneficiar\u00e1n con el \u00a0proyecto de electrificaci\u00f3n rural para El Catatumbo. Ecopetrol y Centrales El\u00e9ctricas de Norte de Santander suscribir\u00e1n un convenio por $ 5606 millones para adelantar obras de expansi\u00f3n del servicio de energ\u00eda el\u00e9ctrica.<\/p>\n<p>El prop\u00f3sito del proyecto es promover el acceso a los servicios p\u00fablicos domiciliarios y contribuir al desarrollo sostenible de las regiones donde hace presencia la empresa de petr\u00f3leos, en desarrollo de las pol\u00edticas de responsabilidad social empresarial y la l\u00ednea de competitividad regional.<\/p>\n<p>El aporte de Ecopetrol ser\u00e1 de $ 5305 millones por intermedio de Fundescat. Centrales invertir\u00e1 $ 300 millones.<\/p>\n<p>El proyecto que tendr\u00e1 una duraci\u00f3n de 18 meses,\u00a0 beneficiar\u00e1 a 316 familias de 26 veredas de Tib\u00fa y dos de El Tarra. El plan hace parte de la gesti\u00f3n para la electrificaci\u00f3n rural de El Catatumbo Fase III.<\/p>\n<p>&nbsp; <\/p>\n","protected":false},"excerpt":{"rendered":"<p>C\u00daCUTA.- Veintis\u00e9is veredas de Tib\u00fa y dos de El Tarra se beneficiar\u00e1n con el \u00a0proyecto de electrificaci\u00f3n rural para El Catatumbo. Ecopetrol y Centrales El\u00e9ctricas de Norte de Santander suscribir\u00e1n un convenio por $ 5606 millones para adelantar obras de expansi\u00f3n del servicio de energ\u00eda el\u00e9ctrica. El prop\u00f3sito del proyecto es promover el acceso a &hellip;<\/p>\n","protected":false},"author":1,"featured_media":17939,"comment_status":"open","ping_status":"open","sticky":false,"template":"","format":"standard","meta":{"footnotes":""},"categories":[32],"tags":[246,671],"class_list":["post-17938","post","type-post","status-publish","format-standard","has-post-thumbnail","hentry","category-recorrido-por-la-region","tag-el-catatumbo","tag-el-tarra"],"_links":{"self":[{"href":"https:\/\/contraluzcucuta.co\/index.php?rest_route=\/wp\/v2\/posts\/17938","targetHints":{"allow":["GET"]}}],"collection":[{"href":"https:\/\/contraluzcucuta.co\/index.php?rest_route=\/wp\/v2\/posts"}],"about":[{"href":"https:\/\/contraluzcucuta.co\/index.php?rest_route=\/wp\/v2\/types\/post"}],"author":[{"embeddable":true,"href":"https:\/\/contraluzcucuta.co\/index.php?rest_route=\/wp\/v2\/users\/1"}],"replies":[{"embeddable":true,"href":"https:\/\/contraluzcucuta.co\/index.php?rest_route=%2Fwp%2Fv2%2Fcomments&post=17938"}],"version-history":[{"count":1,"href":"https:\/\/contraluzcucuta.co\/index.php?rest_route=\/wp\/v2\/posts\/17938\/revisions"}],"predecessor-version":[{"id":17940,"href":"https:\/\/contraluzcucuta.co\/index.php?rest_route=\/wp\/v2\/posts\/17938\/revisions\/17940"}],"wp:featuredmedia":[{"embeddable":true,"href":"https:\/\/contraluzcucuta.co\/index.php?rest_route=\/wp\/v2\/media\/17939"}],"wp:attachment":[{"href":"https:\/\/contraluzcucuta.co\/index.php?rest_route=%2Fwp%2Fv2%2Fmedia&parent=17938"}],"wp:term":[{"taxonomy":"category","embeddable":true,"href":"https:\/\/contraluzcucuta.co\/index.php?rest_route=%2Fwp%2Fv2%2Fcategories&post=17938"},{"taxonomy":"post_tag","embeddable":true,"href":"https:\/\/contraluzcucuta.co\/index.php?rest_route=%2Fwp%2Fv2%2Ftags&post=17938"}],"curies":[{"name":"wp","href":"https:\/\/api.w.org\/{rel}","templated":true}]}}