{"id":17932,"date":"2013-05-23T11:43:37","date_gmt":"2013-05-23T16:43:37","guid":{"rendered":"http:\/\/contraluzcucuta.co\/?p=17932"},"modified":"2013-05-23T11:43:37","modified_gmt":"2013-05-23T16:43:37","slug":"complejo-acuatico-sueno-que-comienza-a-hacerse-realidad","status":"publish","type":"post","link":"https:\/\/contraluzcucuta.co\/?p=17932","title":{"rendered":"Complejo Acu\u00e1tico: sue\u00f1o que comienza a hacerse realidad"},"content":{"rendered":"<p><b>C\u00daCUTA.-<\/b> Los recuerdos de los deportistas formados en la piscina \u2018Carlos Ram\u00edrez Par\u00eds\u2019, en las canchas de microf\u00fatbol \u2018Lauro Rodr\u00edguez\u2019 y en los campos de tenis, en inmediaciones de la Diagonal Santander, dar\u00e1n paso al modernismo que traer\u00e1 a la zona el Complejo Acu\u00e1tico.<\/p>\n<p>C\u00facuta sirvi\u00f3 como sede de los XIX Juegos Nacionales 2012 y, en comparaci\u00f3n con otras ciudades que asumieron igual responsabilidad en el pasado, no obtuvo los escenarios que se pens\u00f3 dejar\u00eda el paso de los deportistas.<\/p>\n<p>El estadio de atletismo en la Ciudadela Juan Atalaya y el complejo ten\u00edstico \u2018Fabiola Zuluaga\u2019 son las \u00fanicas obras para mostrar luego de las justas. Las remodelaciones dejaron otra cara en el coliseo menor \u2018Eustorgio Colmenares\u2019, el estadio \u2018General Santander\u2019 y la cancha \u2018Toto Hern\u00e1ndez\u2019.<\/p>\n<p>La capital de Norte de Santander fue despojada de las competencias de nataci\u00f3n por no contar con piscinas adecuadas. El proyectado complejo acu\u00e1tico no alcanzar\u00eda a construirse para las fechas indicadas.<\/p>\n<p>Al llevarse los torneos para otra ciudad, Coldeportes prometi\u00f3 la construcci\u00f3n de los escenarios. El escepticismo de los cucute\u00f1os creci\u00f3 y pocos dieron cr\u00e9dito a las palabras. En enero se firm\u00f3 el convenio y en mayo se hizo la presentaci\u00f3n oficial del proyecto.<\/p>\n<p>La obra costar\u00e1 $ 11.669 millones y la construcci\u00f3n durar\u00e1 10 meses. La inversi\u00f3n est\u00e1 repartida en $ 10.900 millones para los trabajos y\u00a0 $ 769 millones para la interventor\u00eda.<\/p>\n<p>Ahora, C\u00facuta tendr\u00e1 dos piscinas, una para competencias (nueva),\u00a0 con medidas reglamentarias de 25 metros de ancho por 50 metros de largo, con 2,50 metros de profundidad, y otra para entrenamientos y calentamiento (la actual).<\/p>\n<p>El foso de clavados ser\u00e1 de 25 metros de ancho por 20 metros de largo con profundidad de 6 metros. Las plataformas de lanzamiento ser\u00e1n de 10, 7 y 3 metros.<\/p>\n<p>Las grader\u00edas estar\u00e1n divididas en dos m\u00f3dulos. El principal tendr\u00e1 capacidad para 650 aficionados, y el segundo para 350.<\/p>\n<p>El proyecto contempla los siguientes complementos:<\/p>\n<p>1.- Servicios complementarios: bater\u00edas sanitarias, salas de jueces, para control de resultados, \u00a0de masajes y de prensa, camerinos, cafeter\u00eda, cuarto de m\u00e1quinas, acceso principal a las grader\u00edas y oficinas.<\/p>\n<p>2.- Zona m\u00e9dica. Solo se har\u00e1n algunos arreglos menores a la actual. Tendr\u00e1 consultorios de los deport\u00f3logos, salas de recuperaci\u00f3n y de fisioterapia y auditorio.<\/p>\n<p>Las instalaciones de Indenorte ser\u00e1n demolidas, y las ligas de F\u00fatbol de Sal\u00f3n, Lucha, Tenis de Campo y Nataci\u00f3n, que ten\u00edan las sedes en la edificaci\u00f3n, tendr\u00e1n que buscar d\u00f3nde trabajar. Las canchas de tenis y de microf\u00fatbol desaparecer\u00e1n.<\/p>\n<p>En la jornada de presentaci\u00f3n del proyecto participaron el gobernador Edgar D\u00edaz, la directora de Indenorte, Martha Mar\u00eda Reyes; el presidente de la Asamblea, Francisco Bermont; el secretario General del Departamento, Gregorio Angarita; la alta consejera para Planes, Programas y Proyectos Especiales, Lucy Ur\u00f3n, y el delegado de Coldeportes y supervisor del convenio, Freddy Medina.<\/p>\n<p>&nbsp; <\/p>\n","protected":false},"excerpt":{"rendered":"<p>C\u00daCUTA.- Los recuerdos de los deportistas formados en la piscina \u2018Carlos Ram\u00edrez Par\u00eds\u2019, en las canchas de microf\u00fatbol \u2018Lauro Rodr\u00edguez\u2019 y en los campos de tenis, en inmediaciones de la Diagonal Santander, dar\u00e1n paso al modernismo que traer\u00e1 a la zona el Complejo Acu\u00e1tico. C\u00facuta sirvi\u00f3 como sede de los XIX Juegos Nacionales 2012 y, &hellip;<\/p>\n","protected":false},"author":1,"featured_media":17933,"comment_status":"open","ping_status":"open","sticky":false,"template":"","format":"standard","meta":{"footnotes":""},"categories":[28],"tags":[670],"class_list":["post-17932","post","type-post","status-publish","format-standard","has-post-thumbnail","hentry","category-vistazo-deportivo","tag-complejo-acuatico-en-cucuta"],"_links":{"self":[{"href":"https:\/\/contraluzcucuta.co\/index.php?rest_route=\/wp\/v2\/posts\/17932","targetHints":{"allow":["GET"]}}],"collection":[{"href":"https:\/\/contraluzcucuta.co\/index.php?rest_route=\/wp\/v2\/posts"}],"about":[{"href":"https:\/\/contraluzcucuta.co\/index.php?rest_route=\/wp\/v2\/types\/post"}],"author":[{"embeddable":true,"href":"https:\/\/contraluzcucuta.co\/index.php?rest_route=\/wp\/v2\/users\/1"}],"replies":[{"embeddable":true,"href":"https:\/\/contraluzcucuta.co\/index.php?rest_route=%2Fwp%2Fv2%2Fcomments&post=17932"}],"version-history":[{"count":1,"href":"https:\/\/contraluzcucuta.co\/index.php?rest_route=\/wp\/v2\/posts\/17932\/revisions"}],"predecessor-version":[{"id":17934,"href":"https:\/\/contraluzcucuta.co\/index.php?rest_route=\/wp\/v2\/posts\/17932\/revisions\/17934"}],"wp:featuredmedia":[{"embeddable":true,"href":"https:\/\/contraluzcucuta.co\/index.php?rest_route=\/wp\/v2\/media\/17933"}],"wp:attachment":[{"href":"https:\/\/contraluzcucuta.co\/index.php?rest_route=%2Fwp%2Fv2%2Fmedia&parent=17932"}],"wp:term":[{"taxonomy":"category","embeddable":true,"href":"https:\/\/contraluzcucuta.co\/index.php?rest_route=%2Fwp%2Fv2%2Fcategories&post=17932"},{"taxonomy":"post_tag","embeddable":true,"href":"https:\/\/contraluzcucuta.co\/index.php?rest_route=%2Fwp%2Fv2%2Ftags&post=17932"}],"curies":[{"name":"wp","href":"https:\/\/api.w.org\/{rel}","templated":true}]}}