{"id":17923,"date":"2013-05-23T11:27:46","date_gmt":"2013-05-23T16:27:46","guid":{"rendered":"http:\/\/contraluzcucuta.co\/?p=17923"},"modified":"2013-05-23T11:27:46","modified_gmt":"2013-05-23T16:27:46","slug":"msbcolombia-fijo-la-agenda-politica-2013-2014","status":"publish","type":"post","link":"https:\/\/contraluzcucuta.co\/?p=17923","title":{"rendered":"MSBColombia fij\u00f3 la agenda pol\u00edtica 2013-2014"},"content":{"rendered":"<p><b>C\u00daCUTA.-<\/b> El Movimiento Socialista Bolivariano traz\u00f3 la agenda pol\u00edtica que cumplir\u00e1 en el periodo 2013-2014 con ocasi\u00f3n de las elecciones presidenciales, y en las que participar\u00e1 con David Corredor como candidato.<\/p>\n<p>El anuncio se hizo al conocerse el calendario electoral expedido por la Registradur\u00eda Nacional del Estado Civil, que convoca a elecciones para el Congreso de la Rep\u00fablica, el 9 de marzo, y presidencia, el 25 de mayo.<\/p>\n<p>El 6 de mayo, se cumpli\u00f3 la inscripci\u00f3n del Comit\u00e9 Grupo Significativo de Ciudadanos Movimiento Socialista Bolivariano, Pre-Candidatura David Corredor Cu\u00e9llar, por recolecci\u00f3n de firmas.<\/p>\n<p>Las siguientes ser\u00e1n las actividades que se cumplir\u00e1n en el a\u00f1o electoral:<\/p>\n<p><b>10 de junio.<\/b> Reuni\u00f3n con militares bolivarianos en retiro. Sede Cormilitar (C\u00facuta). Salida de la quinta gira nacional hacia la Costa Atl\u00e1ntica.<\/p>\n<p><b>16 \u2013 18 de agosto<\/b>. Segundo Encuentro y primera Asamblea Nacional Movimiento Socialista Bolivariano. Confirmaci\u00f3n de la declaraci\u00f3n de principios, estatuto, c\u00f3digo de \u00e9tica, planes y proyectos. Designaci\u00f3n de autoridades. Elaboraci\u00f3n preliminar de la lista al Senado<\/p>\n<p><b>19 de agosto<\/b>. Primer Encuentro Nacional de Sectores de Izquierda Colombia (organizaciones pol\u00edticas, sociales, movimientos, grupos significativos de ciudadanos, sectores democr\u00e1ticos de otros partidos, organizaciones subversivas que se encuentren en mesas de di\u00e1logo)<\/p>\n<p><b>30 de agosto<\/b>. Inscripci\u00f3n ante la autoridad electoral del Comit\u00e9 Grupo Significativo de Ciudadanos, Lista \u00danica al Senado por recolecci\u00f3n de firmas.<\/p>\n<p>Septiembre y octubre. Sexta gira nacional. Regi\u00f3n Sur-Occidente. Eje Cafetero, Valle del Cauca, Cauca.<\/p>\n<p><b>9 de noviembre. <\/b>Inicio del periodo de inscripci\u00f3n de candidatos al Congreso de la Rep\u00fablica<\/p>\n<p><b>6 de diciembre. <\/b>Entrega en Bogot\u00e1 de las firmas que apoyan la candidatura presidencial de David Corredor Cu\u00e9llar por el Movimiento Socialista Bolivariano MSBColombia<\/p>\n<p><b>9 de diciembre. <\/b>Vence periodo de inscripci\u00f3n de candidatos al Congreso de la Rep\u00fablica<\/p>\n<p><b>9 de enero. <\/b>Cierre de inscripci\u00f3n de ciudadanos para votar, por cambio de lugar de domicilio de residencia, dentro y fuera de Colombia<\/p>\n<p>&nbsp;<\/p>\n<p>&nbsp; <\/p>\n","protected":false},"excerpt":{"rendered":"<p>C\u00daCUTA.- El Movimiento Socialista Bolivariano traz\u00f3 la agenda pol\u00edtica que cumplir\u00e1 en el periodo 2013-2014 con ocasi\u00f3n de las elecciones presidenciales, y en las que participar\u00e1 con David Corredor como candidato. El anuncio se hizo al conocerse el calendario electoral expedido por la Registradur\u00eda Nacional del Estado Civil, que convoca a elecciones para el Congreso &hellip;<\/p>\n","protected":false},"author":1,"featured_media":17924,"comment_status":"open","ping_status":"open","sticky":false,"template":"","format":"standard","meta":{"footnotes":""},"categories":[4,9],"tags":[432,433],"class_list":["post-17923","post","type-post","status-publish","format-standard","has-post-thumbnail","hentry","category-barra","category-politica","tag-david-corredor-cuellar","tag-msbcolombia"],"_links":{"self":[{"href":"https:\/\/contraluzcucuta.co\/index.php?rest_route=\/wp\/v2\/posts\/17923","targetHints":{"allow":["GET"]}}],"collection":[{"href":"https:\/\/contraluzcucuta.co\/index.php?rest_route=\/wp\/v2\/posts"}],"about":[{"href":"https:\/\/contraluzcucuta.co\/index.php?rest_route=\/wp\/v2\/types\/post"}],"author":[{"embeddable":true,"href":"https:\/\/contraluzcucuta.co\/index.php?rest_route=\/wp\/v2\/users\/1"}],"replies":[{"embeddable":true,"href":"https:\/\/contraluzcucuta.co\/index.php?rest_route=%2Fwp%2Fv2%2Fcomments&post=17923"}],"version-history":[{"count":1,"href":"https:\/\/contraluzcucuta.co\/index.php?rest_route=\/wp\/v2\/posts\/17923\/revisions"}],"predecessor-version":[{"id":17925,"href":"https:\/\/contraluzcucuta.co\/index.php?rest_route=\/wp\/v2\/posts\/17923\/revisions\/17925"}],"wp:featuredmedia":[{"embeddable":true,"href":"https:\/\/contraluzcucuta.co\/index.php?rest_route=\/wp\/v2\/media\/17924"}],"wp:attachment":[{"href":"https:\/\/contraluzcucuta.co\/index.php?rest_route=%2Fwp%2Fv2%2Fmedia&parent=17923"}],"wp:term":[{"taxonomy":"category","embeddable":true,"href":"https:\/\/contraluzcucuta.co\/index.php?rest_route=%2Fwp%2Fv2%2Fcategories&post=17923"},{"taxonomy":"post_tag","embeddable":true,"href":"https:\/\/contraluzcucuta.co\/index.php?rest_route=%2Fwp%2Fv2%2Ftags&post=17923"}],"curies":[{"name":"wp","href":"https:\/\/api.w.org\/{rel}","templated":true}]}}