{"id":17913,"date":"2013-05-23T11:07:01","date_gmt":"2013-05-23T16:07:01","guid":{"rendered":"http:\/\/contraluzcucuta.co\/?p=17913"},"modified":"2013-05-23T11:07:01","modified_gmt":"2013-05-23T16:07:01","slug":"la-iglesia-no-tiene-nada-que-ir-a-hacer-a-la-habana","status":"publish","type":"post","link":"https:\/\/contraluzcucuta.co\/?p=17913","title":{"rendered":"\u201cLa Iglesia no tiene nada que ir a hacer a la Habana\u201d"},"content":{"rendered":"<p><b>C\u00daCUTA.-<\/b> La negociaci\u00f3n que se adelanta en La Habana (Cuba) para alcanzar la paz en Colombia es entre el Gobierno y las Farc, \u201cla Iglesia no tiene nada que ir a hacer a las mesas\u201d, dijo el cardenal Rub\u00e9n Salazar en la visita a C\u00facuta para acompa\u00f1ar el jubileo de los maestros.<\/p>\n<p>El prelado habl\u00f3 acerca de los di\u00e1logos que iniciaron voceros de los actores del conflicto y sostuvo que mientras no haya nada acordado no habr\u00e1 seguimiento a la totalidad de los acuerdos, porque las reglas de juego as\u00ed lo dispusieron.<\/p>\n<p>\u201cLas Farc tienen buena voluntad. Hay que esperar al final de las negociaciones\u201d, indic\u00f3 monse\u00f1or Salazar a su regreso a la Di\u00f3cesis de C\u00facuta, donde ejerci\u00f3 el obispado entre 1992 y 1999.<\/p>\n<p>Acerca de la dejaci\u00f3n de armas por parte del grupo guerrillero, el Cardenal<\/p>\n<p>Primado de Colombia indic\u00f3 que al darse el final del conflicto en el pa\u00eds habr\u00e1 solo un Ej\u00e9rcito.<\/p>\n<p>En cuanto al papel de la Iglesia en el proceso, monse\u00f1or Rub\u00e9n Salazar anot\u00f3 que \u201cnuestro papel va por el camino de las comunidades. Nuestro papel no es ser negociadores. La Iglesia ha sido pionera en atender a las v\u00edctimas del conflicto\u201d.<\/p>\n<p>El cardenal Salazar G\u00f3mez envi\u00f3 un corto mensaje a los maestros cucute\u00f1os y les dijo que tienen en sus manos el futuro del pa\u00eds. \u201cLos docentes tienen una responsabilidad en la construcci\u00f3n del pa\u00eds\u201d.<\/p>\n<p>Tambi\u00e9n, tuvo palabras halagadoras para los periodistas y asegur\u00f3 que cada d\u00eda est\u00e1 m\u00e1s consciente de que los comunicadores sociales tienen en las manos los destinos de Colombia.<\/p>\n<p>\u201cUstedes llevan el sentido de los acontecimientos a las masas. \u201cSi los medios se empe\u00f1aran en lograr una visi\u00f3n positiva y objetiva de lo que sucede en el pa\u00eds, sin sesgos pol\u00edticos, la patria caminar\u00eda por los caminos de la concordia\u201d.<\/p>\n<p>Pidi\u00f3 al Se\u00f1or que bendiga a los periodistas y los fortalezca para cumplir esa ardua y dif\u00edcil labor que cumplen y que les exige generosidad.<\/p>\n<p>Acerca de la continuidad del presidente Juan Manuel Santos al frente de los destinos de los colombianos hizo una leve referencia. \u201cCon reelecci\u00f3n o sin reelecci\u00f3n el pa\u00eds ha entrado en la conciencia clara de con seguir la paz\u201d.<\/p>\n<p>En el encuentro con los voceros de los medios de comunicaci\u00f3n locales, el cardenal Rub\u00e9n Salazar estuvo acompa\u00f1ado por monse\u00f1or Julio C\u00e9sar Vidal, obispo de C\u00facuta, y el padre Elver Rojas, del grupo de comunicaciones de la Conferencia Episcopal.<\/p>\n<p>&nbsp; <\/p>\n","protected":false},"excerpt":{"rendered":"<p>C\u00daCUTA.- La negociaci\u00f3n que se adelanta en La Habana (Cuba) para alcanzar la paz en Colombia es entre el Gobierno y las Farc, \u201cla Iglesia no tiene nada que ir a hacer a las mesas\u201d, dijo el cardenal Rub\u00e9n Salazar en la visita a C\u00facuta para acompa\u00f1ar el jubileo de los maestros. El prelado habl\u00f3 &hellip;<\/p>\n","protected":false},"author":1,"featured_media":17914,"comment_status":"open","ping_status":"open","sticky":false,"template":"","format":"standard","meta":{"footnotes":""},"categories":[6],"tags":[664,665],"class_list":["post-17913","post","type-post","status-publish","format-standard","has-post-thumbnail","hentry","category-ojo-avizor","tag-cardenal-ruben-salzar","tag-dialogos-de-paz"],"_links":{"self":[{"href":"https:\/\/contraluzcucuta.co\/index.php?rest_route=\/wp\/v2\/posts\/17913","targetHints":{"allow":["GET"]}}],"collection":[{"href":"https:\/\/contraluzcucuta.co\/index.php?rest_route=\/wp\/v2\/posts"}],"about":[{"href":"https:\/\/contraluzcucuta.co\/index.php?rest_route=\/wp\/v2\/types\/post"}],"author":[{"embeddable":true,"href":"https:\/\/contraluzcucuta.co\/index.php?rest_route=\/wp\/v2\/users\/1"}],"replies":[{"embeddable":true,"href":"https:\/\/contraluzcucuta.co\/index.php?rest_route=%2Fwp%2Fv2%2Fcomments&post=17913"}],"version-history":[{"count":1,"href":"https:\/\/contraluzcucuta.co\/index.php?rest_route=\/wp\/v2\/posts\/17913\/revisions"}],"predecessor-version":[{"id":17915,"href":"https:\/\/contraluzcucuta.co\/index.php?rest_route=\/wp\/v2\/posts\/17913\/revisions\/17915"}],"wp:featuredmedia":[{"embeddable":true,"href":"https:\/\/contraluzcucuta.co\/index.php?rest_route=\/wp\/v2\/media\/17914"}],"wp:attachment":[{"href":"https:\/\/contraluzcucuta.co\/index.php?rest_route=%2Fwp%2Fv2%2Fmedia&parent=17913"}],"wp:term":[{"taxonomy":"category","embeddable":true,"href":"https:\/\/contraluzcucuta.co\/index.php?rest_route=%2Fwp%2Fv2%2Fcategories&post=17913"},{"taxonomy":"post_tag","embeddable":true,"href":"https:\/\/contraluzcucuta.co\/index.php?rest_route=%2Fwp%2Fv2%2Ftags&post=17913"}],"curies":[{"name":"wp","href":"https:\/\/api.w.org\/{rel}","templated":true}]}}