{"id":17902,"date":"2013-05-22T00:00:10","date_gmt":"2013-05-22T05:00:10","guid":{"rendered":"http:\/\/contraluzcucuta.co\/?p=17902"},"modified":"2013-05-22T00:00:22","modified_gmt":"2013-05-22T05:00:22","slug":"son-urgentes-ejemplarizantes-politicas-de-estado","status":"publish","type":"post","link":"https:\/\/contraluzcucuta.co\/?p=17902","title":{"rendered":"Son   urgentes: ejemplarizantes pol\u00edticas de Estado"},"content":{"rendered":"<p>1.-Quienes vivimos y sentimos el clamor de la frontera \u2013 y no de un solo lado sino el que nace de la mancomunidad\u00a0 de las dos \u00e1reas vecinas, que se juntan &#8211; experimentamos dolor y angustia cuando comprendemos \u2013 por la dura y asfixiante realidad de los hechos &#8211; que estas fajas territoriales inmensamente importantes contin\u00faan marginadas y\u00a0 sin que los estados les otorguen apoyo, autorizaciones, incentivos y est\u00edmulos que les\u00a0 son indispensables para conformar y dar vida a esa anhelada Zona o Ciudadela de Integraci\u00f3n que atraiga inversiones, produzca oportunidades de empleo\u00a0\u00a0 y genere estabilidad dentro de un <i>modus operandi<\/i>, que permita armonizar la trasformaci\u00f3n e impulsar el desarrollo industrial, comercial, agr\u00edcola, financiero y minero, que necesita esta parte de\u00a0 Latinoam\u00e9rica, como la nueva esperanza del mundo.<\/p>\n<p>Y lo que sucede es grave y delicado, porque el perjuicio y las afecciones no son\u00a0 solo para los que habitamos estas tierras de contacto y de historia, sino para las dos naciones y para todo el contexto internacional, al no aprovechar nuestras opciones.<\/p>\n<p>\u00bfAcaso no fue por aqu\u00ed que se surgieron hacia terceros pa\u00edses las exportaciones de quina, a\u00f1il, cacao y las primeras de caf\u00e9? \u00bfNo poseemos arcillas &#8211; de inmejorable calidad- roca fosf\u00f3rica, petr\u00f3leo, carb\u00f3n y otros minerales a la espera de procesos productivos de escala mayor? \u00bfSe olvid\u00f3 lo que represent\u00f3 El Triangulo de Oro, conformado por C\u00facuta, San Crist\u00f3bal y Maracaibo, as\u00ed como la presencia alemana que dio origen al ferrocarril\u00a0 y a las gestiones con El Caribe y con Europa?<\/p>\n<p>2.- La gente de frontera no puede seguir paralizada y sin infraestructura b\u00e1sica y de servicios,\u00a0 sujeta a observar el tr\u00e1nsito de camiones, gandolas y contenedores sin que aqu\u00ed se arraigue y tome forma una noci\u00f3n y visi\u00f3n estabilizadora, de aut\u00e9ntica trasformaci\u00f3n\u00a0 y progreso colectivo. \u00bfC\u00f3mo es posible que viendo circular y pasar tantos productos, que representan\u00a0 miles y miles de millones de\u00a0 nuestra moneda y\u00a0 valores de otras partes continuemos al amparo de medidas que no dan cabida al acercamiento internacional y a la construcci\u00f3n de una nueva concepci\u00f3n de labores compartidas? \u00bfPor qu\u00e9 no otorgarles a nuestras universidades y centros docentes, en asocio con las Oficinas de Planeaci\u00f3n y Ministerios de los dos estados, m\u00e1s el concurso del Banco Interamericano de Desarrollo y la Corporaci\u00f3n Andina de Fomento la tarea de investigar, innovar y capacitar, para que las iniciativas, planes y proyectos\u00a0 se fortalezcan y la poblaci\u00f3n,\u00a0 logre prepararse, para asumir y respaldar el reto de cambio y progreso, que viene esperando?\u00a0\u00a0 \u00bfVenezuela y Colombia, no quieren acaso, lo mejor para su gente?<\/p>\n<p>3.- Y, es necesario recabar sobre esto, porque mientras se hacen acuerdos y convenios \u00a0multimillonarios\u00a0 con pa\u00edses distantes y se suscriben TLC, Colombia y Venezuela, pareciera, que\u00a0\u00a0 no se\u00a0 dan cuenta de que han descuidado y abandonado sus \u00e1reas de contacto\u00a0 fronterizas que representan el\u00a0\u00a0 mayor compromiso adquirido con la historia de las dos naciones, porque son\u00a0 zonas de gesti\u00f3n\u00a0 compartida- y que deben ser de paz y\u00a0 crecimiento\u00a0 arm\u00f3nico permanente\u00a0 &#8211;\u00a0 como desde la Independencia lo vislumbraban el libertador Sim\u00f3n Bol\u00edvar y Francisco de Paula Santander, lo reafirmaba, con su misi\u00f3n educadora y organizadora. S\u00ed, las fronteras, que\u00a0 son la primera imagen y el nudo articular\u00a0 del proceso integracionista e\u00a0 hist\u00f3rico\u00a0 de la colombovenezolaneidad, claman por atenci\u00f3n, representatividad\u00a0\u00a0 e\u00a0 impostergables acciones que se sinteticen en ejemplarizantes y urgentes pol\u00edticas de Estado,\u00a0 porque toda postergaci\u00f3n es desalentadora y agravante.<\/p>\n<p><b>JOS\u00c9 NEIRA REY<\/b><\/p>\n<p><a href=\"mailto:jneirarey@hotmail.com\">jneirarey@hotmail.com<\/a><\/p>\n<p><b>Notas al margen<\/b><\/p>\n<p>&nbsp; <\/p>\n","protected":false},"excerpt":{"rendered":"<p>1.-Quienes vivimos y sentimos el clamor de la frontera \u2013 y no de un solo lado sino el que nace de la mancomunidad\u00a0 de las dos \u00e1reas vecinas, que se juntan &#8211; experimentamos dolor y angustia cuando comprendemos \u2013 por la dura y asfixiante realidad de los hechos &#8211; que estas fajas territoriales inmensamente importantes &hellip;<\/p>\n","protected":false},"author":1,"featured_media":17903,"comment_status":"open","ping_status":"open","sticky":false,"template":"","format":"standard","meta":{"footnotes":""},"categories":[14,4],"tags":[],"class_list":["post-17902","post","type-post","status-publish","format-standard","has-post-thumbnail","hentry","category-articulistas","category-barra"],"_links":{"self":[{"href":"https:\/\/contraluzcucuta.co\/index.php?rest_route=\/wp\/v2\/posts\/17902","targetHints":{"allow":["GET"]}}],"collection":[{"href":"https:\/\/contraluzcucuta.co\/index.php?rest_route=\/wp\/v2\/posts"}],"about":[{"href":"https:\/\/contraluzcucuta.co\/index.php?rest_route=\/wp\/v2\/types\/post"}],"author":[{"embeddable":true,"href":"https:\/\/contraluzcucuta.co\/index.php?rest_route=\/wp\/v2\/users\/1"}],"replies":[{"embeddable":true,"href":"https:\/\/contraluzcucuta.co\/index.php?rest_route=%2Fwp%2Fv2%2Fcomments&post=17902"}],"version-history":[{"count":3,"href":"https:\/\/contraluzcucuta.co\/index.php?rest_route=\/wp\/v2\/posts\/17902\/revisions"}],"predecessor-version":[{"id":17906,"href":"https:\/\/contraluzcucuta.co\/index.php?rest_route=\/wp\/v2\/posts\/17902\/revisions\/17906"}],"wp:featuredmedia":[{"embeddable":true,"href":"https:\/\/contraluzcucuta.co\/index.php?rest_route=\/wp\/v2\/media\/17903"}],"wp:attachment":[{"href":"https:\/\/contraluzcucuta.co\/index.php?rest_route=%2Fwp%2Fv2%2Fmedia&parent=17902"}],"wp:term":[{"taxonomy":"category","embeddable":true,"href":"https:\/\/contraluzcucuta.co\/index.php?rest_route=%2Fwp%2Fv2%2Fcategories&post=17902"},{"taxonomy":"post_tag","embeddable":true,"href":"https:\/\/contraluzcucuta.co\/index.php?rest_route=%2Fwp%2Fv2%2Ftags&post=17902"}],"curies":[{"name":"wp","href":"https:\/\/api.w.org\/{rel}","templated":true}]}}