{"id":17792,"date":"2013-05-18T18:43:58","date_gmt":"2013-05-18T23:43:58","guid":{"rendered":"http:\/\/contraluzcucuta.co\/?p=17792"},"modified":"2013-05-18T18:43:58","modified_gmt":"2013-05-18T23:43:58","slug":"discapacitados-recibieron-protesis","status":"publish","type":"post","link":"https:\/\/contraluzcucuta.co\/?p=17792","title":{"rendered":"Discapacitados recibieron pr\u00f3tesis"},"content":{"rendered":"<p><b>C\u00daCUTA.-<\/b>\u00a0 Diecis\u00e9is discapacitados de C\u00facuta, Villa del Rosario, Oca\u00f1a, Labateca Lourdes y Los Patios recibieron pr\u00f3tesis de mano. El objetivo es que los beneficiarios se conviertan en multiplicadores del programa en el resto de los municipios del departamento.<\/p>\n<p>La meta propuesta por el gobierno departamental es favorecer a m\u00e1s nortesantandereanos con estas ayudas. Los discapacitados deben inscribirse en la Alta Consejer\u00eda.<\/p>\n<p>El alto consejero Jes\u00fas Romero se\u00f1al\u00f3 que a la campa\u00f1a se han vinculado estudiantes y docentes de la Universidad de Pamplona, la Fundaci\u00f3n LN4 (entidad que dona las pr\u00f3tesis) y la Gobernaci\u00f3n de Norte de Santander, que act\u00faa como articuladora con los municipios.<\/p>\n<p>La idea es brindarles mejor calidad de vida a los que poseen alguna discapacidad. La Alta Consejer\u00eda desarrolla una campa\u00f1a para vincular en el campo laboral a los discapacitados a las empresas de la ciudad y la regi\u00f3n.<\/p>\n<p>D\u00edas atr\u00e1s culmin\u00f3 la recepci\u00f3n de hojas de vida y avanza el proceso de sensibilizaci\u00f3n y culturizaci\u00f3n de los empresarios de la regi\u00f3n para conocer cu\u00e1ntos\u00a0 cupos tiene cada entidad y designar el personal de acuerdo con el perfil.<\/p>\n<p>La meta inicial de la campa\u00f1a es emplear de 20 discapacitados. Todo depende del inter\u00e9s y la voluntad de los empresarios nortesantandereanos para brindarles la oportunidad laboral.<\/p>\n<p>&nbsp; <\/p>\n","protected":false},"excerpt":{"rendered":"<p>C\u00daCUTA.-\u00a0 Diecis\u00e9is discapacitados de C\u00facuta, Villa del Rosario, Oca\u00f1a, Labateca Lourdes y Los Patios recibieron pr\u00f3tesis de mano. El objetivo es que los beneficiarios se conviertan en multiplicadores del programa en el resto de los municipios del departamento. La meta propuesta por el gobierno departamental es favorecer a m\u00e1s nortesantandereanos con estas ayudas. Los discapacitados &hellip;<\/p>\n","protected":false},"author":1,"featured_media":17793,"comment_status":"open","ping_status":"open","sticky":false,"template":"","format":"standard","meta":{"footnotes":""},"categories":[32],"tags":[379,656],"class_list":["post-17792","post","type-post","status-publish","format-standard","has-post-thumbnail","hentry","category-recorrido-por-la-region","tag-gobernacion-de-norte-de-santander","tag-protesis-de-mano"],"_links":{"self":[{"href":"https:\/\/contraluzcucuta.co\/index.php?rest_route=\/wp\/v2\/posts\/17792","targetHints":{"allow":["GET"]}}],"collection":[{"href":"https:\/\/contraluzcucuta.co\/index.php?rest_route=\/wp\/v2\/posts"}],"about":[{"href":"https:\/\/contraluzcucuta.co\/index.php?rest_route=\/wp\/v2\/types\/post"}],"author":[{"embeddable":true,"href":"https:\/\/contraluzcucuta.co\/index.php?rest_route=\/wp\/v2\/users\/1"}],"replies":[{"embeddable":true,"href":"https:\/\/contraluzcucuta.co\/index.php?rest_route=%2Fwp%2Fv2%2Fcomments&post=17792"}],"version-history":[{"count":1,"href":"https:\/\/contraluzcucuta.co\/index.php?rest_route=\/wp\/v2\/posts\/17792\/revisions"}],"predecessor-version":[{"id":17794,"href":"https:\/\/contraluzcucuta.co\/index.php?rest_route=\/wp\/v2\/posts\/17792\/revisions\/17794"}],"wp:featuredmedia":[{"embeddable":true,"href":"https:\/\/contraluzcucuta.co\/index.php?rest_route=\/wp\/v2\/media\/17793"}],"wp:attachment":[{"href":"https:\/\/contraluzcucuta.co\/index.php?rest_route=%2Fwp%2Fv2%2Fmedia&parent=17792"}],"wp:term":[{"taxonomy":"category","embeddable":true,"href":"https:\/\/contraluzcucuta.co\/index.php?rest_route=%2Fwp%2Fv2%2Fcategories&post=17792"},{"taxonomy":"post_tag","embeddable":true,"href":"https:\/\/contraluzcucuta.co\/index.php?rest_route=%2Fwp%2Fv2%2Ftags&post=17792"}],"curies":[{"name":"wp","href":"https:\/\/api.w.org\/{rel}","templated":true}]}}