{"id":17789,"date":"2013-05-18T18:16:57","date_gmt":"2013-05-18T23:16:57","guid":{"rendered":"http:\/\/contraluzcucuta.co\/?p=17789"},"modified":"2013-05-18T18:16:57","modified_gmt":"2013-05-18T23:16:57","slug":"tiro-con-arco-en-los-patios","status":"publish","type":"post","link":"https:\/\/contraluzcucuta.co\/?p=17789","title":{"rendered":"Tiro con arco en Los Patios"},"content":{"rendered":"<p><b>C\u00daCUTA.-<\/b> Ingrid Tarazona, Cristian Rond\u00f3n, Jhon Carmona, Manuel Toloza, Omar P\u00e9rez, Diego V\u00e1zquez, Andr\u00e9s Vel\u00e1zquez, y Edwin Duque representar\u00e1n a Norte de Santander en el torneo de arco que se cumplir\u00e1 este fin de semana en Los patios.<\/p>\n<p>El campeonato, en la modalidad \u2018mica\u2019, se disputar\u00e1 en la distancia de 18 metros bajo techo. La reuni\u00f3n deportiva ser\u00e1, el 18 y 19 de mayo, en el coliseo Kil\u00f3metro 8.<\/p>\n<p>Miguel Hernando V\u00e1squez Sagra, presidente de la Liga de Tiro con Arco, invit\u00f3 a la comunidad del \u00c1rea Metropolitana para que acompa\u00f1e a los deportistas en las competencias.<\/p>\n<p>El directivo aprovech\u00f3 la oportunidad para informarles a los interesados en la pr\u00e1ctica de esta disciplina que \u00a0se pueden acercarse al estadio General Santander, de lunes a viernes, en la tarde.<\/p>\n<p>&nbsp; <\/p>\n","protected":false},"excerpt":{"rendered":"<p>C\u00daCUTA.- Ingrid Tarazona, Cristian Rond\u00f3n, Jhon Carmona, Manuel Toloza, Omar P\u00e9rez, Diego V\u00e1zquez, Andr\u00e9s Vel\u00e1zquez, y Edwin Duque representar\u00e1n a Norte de Santander en el torneo de arco que se cumplir\u00e1 este fin de semana en Los patios. El campeonato, en la modalidad \u2018mica\u2019, se disputar\u00e1 en la distancia de 18 metros bajo techo. La &hellip;<\/p>\n","protected":false},"author":1,"featured_media":17790,"comment_status":"open","ping_status":"open","sticky":false,"template":"","format":"standard","meta":{"footnotes":""},"categories":[28],"tags":[619,655],"class_list":["post-17789","post","type-post","status-publish","format-standard","has-post-thumbnail","hentry","category-vistazo-deportivo","tag-norte-de-santander","tag-tiro-con-arco"],"_links":{"self":[{"href":"https:\/\/contraluzcucuta.co\/index.php?rest_route=\/wp\/v2\/posts\/17789","targetHints":{"allow":["GET"]}}],"collection":[{"href":"https:\/\/contraluzcucuta.co\/index.php?rest_route=\/wp\/v2\/posts"}],"about":[{"href":"https:\/\/contraluzcucuta.co\/index.php?rest_route=\/wp\/v2\/types\/post"}],"author":[{"embeddable":true,"href":"https:\/\/contraluzcucuta.co\/index.php?rest_route=\/wp\/v2\/users\/1"}],"replies":[{"embeddable":true,"href":"https:\/\/contraluzcucuta.co\/index.php?rest_route=%2Fwp%2Fv2%2Fcomments&post=17789"}],"version-history":[{"count":1,"href":"https:\/\/contraluzcucuta.co\/index.php?rest_route=\/wp\/v2\/posts\/17789\/revisions"}],"predecessor-version":[{"id":17791,"href":"https:\/\/contraluzcucuta.co\/index.php?rest_route=\/wp\/v2\/posts\/17789\/revisions\/17791"}],"wp:featuredmedia":[{"embeddable":true,"href":"https:\/\/contraluzcucuta.co\/index.php?rest_route=\/wp\/v2\/media\/17790"}],"wp:attachment":[{"href":"https:\/\/contraluzcucuta.co\/index.php?rest_route=%2Fwp%2Fv2%2Fmedia&parent=17789"}],"wp:term":[{"taxonomy":"category","embeddable":true,"href":"https:\/\/contraluzcucuta.co\/index.php?rest_route=%2Fwp%2Fv2%2Fcategories&post=17789"},{"taxonomy":"post_tag","embeddable":true,"href":"https:\/\/contraluzcucuta.co\/index.php?rest_route=%2Fwp%2Fv2%2Ftags&post=17789"}],"curies":[{"name":"wp","href":"https:\/\/api.w.org\/{rel}","templated":true}]}}