{"id":17783,"date":"2013-05-12T19:20:11","date_gmt":"2013-05-13T00:20:11","guid":{"rendered":"http:\/\/contraluzcucuta.co\/?p=17783"},"modified":"2013-05-12T19:20:11","modified_gmt":"2013-05-13T00:20:11","slug":"ventanilla-juridica-trabaja-a-favor-de-poblacion-vulnerable","status":"publish","type":"post","link":"https:\/\/contraluzcucuta.co\/?p=17783","title":{"rendered":"Ventanilla Jur\u00eddica trabaja a favor de poblaci\u00f3n vulnerable"},"content":{"rendered":"<p><b>C\u00daCUTA.-<\/b> Mediante el programa Ventanilla Jur\u00eddica se traslad\u00f3 a Bucaramanga a la ni\u00f1a Nicolle Dayana Bar\u00f3n. La peque\u00f1a de 3 a\u00f1os sufre de gastroenteritis de origen infeccioso y requer\u00eda atenci\u00f3n m\u00e9dica especializada.<\/p>\n<p>La madre Mar\u00eda Ester Gil Rodr\u00edguez dijo que despu\u00e9s de la asesor\u00eda legal ofrecida por la abogada Gloria C\u00e1ceres present\u00f3 la acci\u00f3n de tutela, el 17 de abril, contra una EPS de la regi\u00f3n para acceder a la solicitud de los derechos fundamentales de los ni\u00f1os a la vida y la salud.<\/p>\n<p>El proceso tuvo \u00e9xito y obtuvo como respuesta la exoneraci\u00f3n de pagos adicionales por trasporte, medicamentos, ex\u00e1menes, tratamientos quir\u00fargicos y otros requerimientos para el cuidado de la ni\u00f1a. Por las condiciones de vulnerabilidad las posibilidades del traslado por cuenta de la familia eran m\u00ednimas.<\/p>\n<p>La iniciativa ofrece atenci\u00f3n especializada en procesos jur\u00eddicos a adultos mayores, ni\u00f1os, j\u00f3venes e ind\u00edgenas que requieran asistencia legal para obtener soluciones a necesidades.<\/p>\n<p>Las universidades son entidades fundamentales para trabajar en procesos judiciales. Profesionales del derecho facilitan servicios de orientaci\u00f3n y lineamientos a la poblaci\u00f3n vulnerable que requiere pronta respuesta a peticiones que establecen ante entidades de salud, empresas de servicios p\u00fablicos, entre otras.<\/p>\n<p>Nicolle Dayana desde los 5 meses presenta la patolog\u00eda. Hoy, cuenta con las garant\u00edas m\u00e9dicas que permitan mejorar las condiciones de vida.<\/p>\n<p>&nbsp;<\/p>\n<p>&nbsp; <\/p>\n","protected":false},"excerpt":{"rendered":"<p>C\u00daCUTA.- Mediante el programa Ventanilla Jur\u00eddica se traslad\u00f3 a Bucaramanga a la ni\u00f1a Nicolle Dayana Bar\u00f3n. La peque\u00f1a de 3 a\u00f1os sufre de gastroenteritis de origen infeccioso y requer\u00eda atenci\u00f3n m\u00e9dica especializada. La madre Mar\u00eda Ester Gil Rodr\u00edguez dijo que despu\u00e9s de la asesor\u00eda legal ofrecida por la abogada Gloria C\u00e1ceres present\u00f3 la acci\u00f3n de &hellip;<\/p>\n","protected":false},"author":1,"featured_media":17784,"comment_status":"open","ping_status":"open","sticky":false,"template":"","format":"standard","meta":{"footnotes":""},"categories":[5],"tags":[654],"class_list":["post-17783","post","type-post","status-publish","format-standard","has-post-thumbnail","hentry","category-justicia-transicional","tag-ventanilla-juridica"],"_links":{"self":[{"href":"https:\/\/contraluzcucuta.co\/index.php?rest_route=\/wp\/v2\/posts\/17783","targetHints":{"allow":["GET"]}}],"collection":[{"href":"https:\/\/contraluzcucuta.co\/index.php?rest_route=\/wp\/v2\/posts"}],"about":[{"href":"https:\/\/contraluzcucuta.co\/index.php?rest_route=\/wp\/v2\/types\/post"}],"author":[{"embeddable":true,"href":"https:\/\/contraluzcucuta.co\/index.php?rest_route=\/wp\/v2\/users\/1"}],"replies":[{"embeddable":true,"href":"https:\/\/contraluzcucuta.co\/index.php?rest_route=%2Fwp%2Fv2%2Fcomments&post=17783"}],"version-history":[{"count":2,"href":"https:\/\/contraluzcucuta.co\/index.php?rest_route=\/wp\/v2\/posts\/17783\/revisions"}],"predecessor-version":[{"id":17786,"href":"https:\/\/contraluzcucuta.co\/index.php?rest_route=\/wp\/v2\/posts\/17783\/revisions\/17786"}],"wp:featuredmedia":[{"embeddable":true,"href":"https:\/\/contraluzcucuta.co\/index.php?rest_route=\/wp\/v2\/media\/17784"}],"wp:attachment":[{"href":"https:\/\/contraluzcucuta.co\/index.php?rest_route=%2Fwp%2Fv2%2Fmedia&parent=17783"}],"wp:term":[{"taxonomy":"category","embeddable":true,"href":"https:\/\/contraluzcucuta.co\/index.php?rest_route=%2Fwp%2Fv2%2Fcategories&post=17783"},{"taxonomy":"post_tag","embeddable":true,"href":"https:\/\/contraluzcucuta.co\/index.php?rest_route=%2Fwp%2Fv2%2Ftags&post=17783"}],"curies":[{"name":"wp","href":"https:\/\/api.w.org\/{rel}","templated":true}]}}