{"id":17775,"date":"2013-05-12T18:45:19","date_gmt":"2013-05-12T23:45:19","guid":{"rendered":"http:\/\/contraluzcucuta.co\/?p=17775"},"modified":"2013-05-12T18:45:19","modified_gmt":"2013-05-12T23:45:19","slug":"detenidos-dos-hombres-por-hurto-y-receptacion","status":"publish","type":"post","link":"https:\/\/contraluzcucuta.co\/?p=17775","title":{"rendered":"Detenidos dos hombres por hurto y receptaci\u00f3n"},"content":{"rendered":"<p><b>C\u00daCUTA.-<\/b> Contin\u00faan los operativos encaminados a contrarrestar los delitos comunes que afectan el patrimonio econ\u00f3mico de los ciudadanos. Personal de la Polic\u00eda Metropolitana de C\u00facuta (Mecuc) detuvo en C\u00facuta y Los Patios a dos hombres, indiciados de hurto, da\u00f1o en bien ajeno y receptaci\u00f3n.<\/p>\n<p>En un primer caso ocurri\u00f3 en la avenida 10 con calle 34 del barrio La Sabana (Los Patios). Uniformados del cuadrante de la Estaci\u00f3n de Polic\u00eda detuvieron a Luis Fernando Jim\u00e9nez Pacheco, de 31 a\u00f1os, natural de C\u00facuta.<\/p>\n<p>El sujeto est\u00e1 indiciado de hurtar el espejo de un autom\u00f3vil. El accesorio fue recuperado.<\/p>\n<p>En el barrio Latino (C\u00facuta) agentes de la Seccional de Tr\u00e1nsito y Trasporte (Setra) capturaron a un hombre de 60 a\u00f1os, natural de Bucaramanga y residente en Los Patios.<\/p>\n<p>En el procedimiento fue recuperada la camioneta Ford Explorer de placas CCP-570. El veh\u00edculo hab\u00eda sido reportado como hurtado en Bogot\u00e1, el 30 de diciembre.<\/p>\n<p>Los capturados, el veh\u00edculo y los accesorios recuperados quedaron a disposici\u00f3n de la Unidad de Reacci\u00f3n Inmediata (URI) de la Fiscal\u00eda.<\/p>\n<p>&nbsp; <\/p>\n","protected":false},"excerpt":{"rendered":"<p>C\u00daCUTA.- Contin\u00faan los operativos encaminados a contrarrestar los delitos comunes que afectan el patrimonio econ\u00f3mico de los ciudadanos. Personal de la Polic\u00eda Metropolitana de C\u00facuta (Mecuc) detuvo en C\u00facuta y Los Patios a dos hombres, indiciados de hurto, da\u00f1o en bien ajeno y receptaci\u00f3n. En un primer caso ocurri\u00f3 en la avenida 10 con calle &hellip;<\/p>\n","protected":false},"author":1,"featured_media":17776,"comment_status":"open","ping_status":"open","sticky":false,"template":"","format":"standard","meta":{"footnotes":""},"categories":[11],"tags":[293],"class_list":["post-17775","post","type-post","status-publish","format-standard","has-post-thumbnail","hentry","category-cronica-roja","tag-policia-metropolitana-de-cucuta"],"_links":{"self":[{"href":"https:\/\/contraluzcucuta.co\/index.php?rest_route=\/wp\/v2\/posts\/17775","targetHints":{"allow":["GET"]}}],"collection":[{"href":"https:\/\/contraluzcucuta.co\/index.php?rest_route=\/wp\/v2\/posts"}],"about":[{"href":"https:\/\/contraluzcucuta.co\/index.php?rest_route=\/wp\/v2\/types\/post"}],"author":[{"embeddable":true,"href":"https:\/\/contraluzcucuta.co\/index.php?rest_route=\/wp\/v2\/users\/1"}],"replies":[{"embeddable":true,"href":"https:\/\/contraluzcucuta.co\/index.php?rest_route=%2Fwp%2Fv2%2Fcomments&post=17775"}],"version-history":[{"count":2,"href":"https:\/\/contraluzcucuta.co\/index.php?rest_route=\/wp\/v2\/posts\/17775\/revisions"}],"predecessor-version":[{"id":17778,"href":"https:\/\/contraluzcucuta.co\/index.php?rest_route=\/wp\/v2\/posts\/17775\/revisions\/17778"}],"wp:featuredmedia":[{"embeddable":true,"href":"https:\/\/contraluzcucuta.co\/index.php?rest_route=\/wp\/v2\/media\/17776"}],"wp:attachment":[{"href":"https:\/\/contraluzcucuta.co\/index.php?rest_route=%2Fwp%2Fv2%2Fmedia&parent=17775"}],"wp:term":[{"taxonomy":"category","embeddable":true,"href":"https:\/\/contraluzcucuta.co\/index.php?rest_route=%2Fwp%2Fv2%2Fcategories&post=17775"},{"taxonomy":"post_tag","embeddable":true,"href":"https:\/\/contraluzcucuta.co\/index.php?rest_route=%2Fwp%2Fv2%2Ftags&post=17775"}],"curies":[{"name":"wp","href":"https:\/\/api.w.org\/{rel}","templated":true}]}}