{"id":17525,"date":"2013-04-30T23:48:18","date_gmt":"2013-05-01T04:48:18","guid":{"rendered":"http:\/\/contraluzcucuta.co\/?p=17525"},"modified":"2013-04-30T23:48:18","modified_gmt":"2013-05-01T04:48:18","slug":"cuanto-hemos-crecido-en-dos-anos","status":"publish","type":"post","link":"https:\/\/contraluzcucuta.co\/?p=17525","title":{"rendered":"Cu\u00e1nto hemos crecido en dos a\u00f1os"},"content":{"rendered":"<p>&nbsp;<\/p>\n<p>La revista <a href=\"http:\/\/www.contraluzcucuta.co\">www.contraluzcucuta.co<\/a> est\u00e1 de cumplea\u00f1os. Este 30 de abril cumpli\u00f3 dos a\u00f1os de ejercicio profesional y con gusto comparte con los lectores y seguidores este momento crucial para la vida period\u00edstica de Norte de Santander, en general, y de C\u00facuta, en particular.<\/p>\n<p>En estos 24 meses hemos procurado ser honestos con la informaci\u00f3n, no doblarnos a los embates de la ambici\u00f3n ni someternos a los tent\u00e1culos de la avaricia. Caminamos lentos y seguros hacia las metas trazadas el d\u00eda del nacimiento.<\/p>\n<p>En los dos a\u00f1os de arduo trabajo, de cubrimientos especiales, de estar donde aparece la noticia, de ruedas de prensa, de desfiles, de encuentros deportivos y de espect\u00e1culos hemos puesto lo mejor de nosotros y hemos respetado nuestro estilo de escribir.<\/p>\n<p>Hemos dado participaci\u00f3n a estudiantes de la Universidad de Pamplona, en especial, y sus trabajos period\u00edsticos o de clase han encontrado en nuestras p\u00e1ginas el espacio ideal para darlos a conocer. Tenemos la categor\u00eda \u2018Aula Universitaria\u2019 y est\u00e1 abierta para aquellos que deseen mostrar sus creaciones.<\/p>\n<p>Hoy, contamos con cerca de 150.000 visitas a nuestros trabajos desplegados en varias categor\u00edas. Todas tienen la misma importancia para dar a conocer el acontecer diario de los cucute\u00f1os. Y hemos trabajado los g\u00e9neros period\u00edsticos para explicar los hechos.<\/p>\n<p>A quienes se mantienen fieles y nos buscan a diario para conocer nuestro trabajo, gracias. A quienes a partir de hoy nos buscar\u00e1n para comprobar que lo dicho es cierto, gracias. \u00a0A quienes nos recomiendan con amigos y comparten nuestras notas, gracias. A quienes hacen posible que la revista <a href=\"http:\/\/www.contraluzcucuta.co\">www.contraluzcucuta.co<\/a> se mantenga firme en su prop\u00f3sito de informar con libertad, gracias. A los colaboradores, articulistas, opinadores, informadores y fuentes, gracias. Un abrazo para todos y nos leeremos siempre.<\/p>\n<p>&nbsp; <\/p>\n","protected":false},"excerpt":{"rendered":"<p>&nbsp; La revista www.contraluzcucuta.co est\u00e1 de cumplea\u00f1os. Este 30 de abril cumpli\u00f3 dos a\u00f1os de ejercicio profesional y con gusto comparte con los lectores y seguidores este momento crucial para la vida period\u00edstica de Norte de Santander, en general, y de C\u00facuta, en particular. En estos 24 meses hemos procurado ser honestos con la informaci\u00f3n, &hellip;<\/p>\n","protected":false},"author":1,"featured_media":17526,"comment_status":"open","ping_status":"open","sticky":false,"template":"","format":"standard","meta":{"footnotes":""},"categories":[7,4],"tags":[644],"class_list":["post-17525","post","type-post","status-publish","format-standard","has-post-thumbnail","hentry","category-acontecimientos","category-barra","tag-contraluzcucuta"],"_links":{"self":[{"href":"https:\/\/contraluzcucuta.co\/index.php?rest_route=\/wp\/v2\/posts\/17525","targetHints":{"allow":["GET"]}}],"collection":[{"href":"https:\/\/contraluzcucuta.co\/index.php?rest_route=\/wp\/v2\/posts"}],"about":[{"href":"https:\/\/contraluzcucuta.co\/index.php?rest_route=\/wp\/v2\/types\/post"}],"author":[{"embeddable":true,"href":"https:\/\/contraluzcucuta.co\/index.php?rest_route=\/wp\/v2\/users\/1"}],"replies":[{"embeddable":true,"href":"https:\/\/contraluzcucuta.co\/index.php?rest_route=%2Fwp%2Fv2%2Fcomments&post=17525"}],"version-history":[{"count":1,"href":"https:\/\/contraluzcucuta.co\/index.php?rest_route=\/wp\/v2\/posts\/17525\/revisions"}],"predecessor-version":[{"id":17527,"href":"https:\/\/contraluzcucuta.co\/index.php?rest_route=\/wp\/v2\/posts\/17525\/revisions\/17527"}],"wp:featuredmedia":[{"embeddable":true,"href":"https:\/\/contraluzcucuta.co\/index.php?rest_route=\/wp\/v2\/media\/17526"}],"wp:attachment":[{"href":"https:\/\/contraluzcucuta.co\/index.php?rest_route=%2Fwp%2Fv2%2Fmedia&parent=17525"}],"wp:term":[{"taxonomy":"category","embeddable":true,"href":"https:\/\/contraluzcucuta.co\/index.php?rest_route=%2Fwp%2Fv2%2Fcategories&post=17525"},{"taxonomy":"post_tag","embeddable":true,"href":"https:\/\/contraluzcucuta.co\/index.php?rest_route=%2Fwp%2Fv2%2Ftags&post=17525"}],"curies":[{"name":"wp","href":"https:\/\/api.w.org\/{rel}","templated":true}]}}