{"id":17522,"date":"2013-04-30T23:16:21","date_gmt":"2013-05-01T04:16:21","guid":{"rendered":"http:\/\/contraluzcucuta.co\/?p=17522"},"modified":"2013-04-30T23:16:21","modified_gmt":"2013-05-01T04:16:21","slug":"mas-proyeccion-mas-frontera-en-la-universidad-de-pamplona","status":"publish","type":"post","link":"https:\/\/contraluzcucuta.co\/?p=17522","title":{"rendered":"M\u00e1s proyecci\u00f3n, m\u00e1s frontera en la Universidad de Pamplona"},"content":{"rendered":"<p><i>Discurso de grado de Edgar Allan Ni\u00f1o, director del programa de Comunicaci\u00f3n Social de la Universidad de Pamplona, sede Villa del Rosario, con ocasi\u00f3n del grado de 37 profesionales. El acto se cumpli\u00f3 en el aula m\u00e1xima, el 26 de abril.<\/i><\/p>\n<p>Cuando Plat\u00f3n quiso diferenciar entre la aristocracia y la democracia encontr\u00f3 que el poder econ\u00f3mico y la participaci\u00f3n pod\u00edan ir de la mano para hacer m\u00e1s corta la brecha entre ricos y pobres. El \u00fanico v\u00ednculo o puente que encontr\u00f3 para hacer de ese prop\u00f3sito una realidad fue el de la educaci\u00f3n ciudadana. Una sociedad donde todos convivieran y se construyeran comunidades participativas orientadas hacia la productividad.<\/p>\n<p>Esta rese\u00f1a de George Sabine, en su obra Historia de las ideas pol\u00edticas, recoge el pensamiento del siglo IV antes de Cristo en la Democracia de Pericles. Veinticinco siglos despu\u00e9s, seguimos a\u00f1orando la conformaci\u00f3n de ciudades y habitantes capacitados para fortalecer el d\u00eda a d\u00eda de las nacientes metr\u00f3polis.<\/p>\n<p>Esa brecha de la pobreza solo se puede cerrar con acciones espec\u00edficas y los comunicadores son invitados de primer orden. El perfil profesional del comunicador social de la Universidad de Pamplona busca hombres y mujeres capaces, mediante la investigaci\u00f3n y el desarrollo de estrategias comunicacionales, de abordar aspectos tan necesarios en la presente centuria como el medio ambiente, la prevenci\u00f3n en salud, la educaci\u00f3n art\u00edfice y evocadora de estos comentarios y el civismo.<\/p>\n<p>Para lograrlo, se pens\u00f3 en la comunicaci\u00f3n para el desarrollo con el aporte de los te\u00f3ricos que desde los a\u00f1os 70 vieron en esta profesi\u00f3n una alternativa para que los pueblos de Am\u00e9rica Latina hablaran de liberaci\u00f3n, de identidad, de cultura. Hoy, algunos hacen apuntes de car\u00e1cter cient\u00edfico y la llaman comunicaci\u00f3n para el cambio social.<\/p>\n<p>Se\u00f1ores graduados, la teor\u00eda sigue perenne y en constante renovaci\u00f3n. Ustedes la conocen. Pero si me preguntan por su materializaci\u00f3n, puedo decir que 40 j\u00f3venes encarnan esa ilusi\u00f3n de la sociedad por alcanzar el t\u00e9rmino desarrollo que ha sido esquivo. Uno de los paliativos fue llamarnos pa\u00edses en v\u00edas de desarrollo, sencillamente porque los medios electr\u00f3nicos y la tecnolog\u00eda nos acompa\u00f1an y hacen parte del d\u00eda a d\u00eda. Pero ni la m\u00e1quina m\u00e1s asombrosa ni las aplicaciones m\u00e1s sofisticadas logran la evoluci\u00f3n de la sociedad. Hay que formar seres humanos \u00e9ticos y con valores firmes que hagan de nuestras vidas verdaderos proyectos en busca del bien com\u00fan.<\/p>\n<p>\u00bfQui\u00e9n duda de la importancia de la energ\u00eda nuclear? Pero las diversas interpretaciones ponen en jaque al mundo y los comunicadores no pueden seguir siendo notarios de la realidad mientras que las amenazas de extinci\u00f3n de la raza humana est\u00e1n latientes y con las movidas militares, por qu\u00e9 no, manifiestas. Entonces, no solo necesitamos informar. No basta registrar. Ustedes, tienen el deber de ser cr\u00edticos y orientar a las comunidades tambi\u00e9n hacia la reflexi\u00f3n.<\/p>\n<p>Eso desde la combinaci\u00f3n de comunicaci\u00f3n y periodismo c\u00edvico. Si hablamos de la comunicaci\u00f3n organizacional, que tiene referencia en el discurso plat\u00f3nico desde lo productivo, hoy con orgullo podemos decir que en C\u00facuta y el departamento son m\u00e1s comunes las palabras, diagn\u00f3stico, estrategias, prevenci\u00f3n de la crisis, fortalecimiento de imagen, etiqueta y protocolo que hacen de las organizaciones sistemas complejos cada vez m\u00e1s profesionalizados que necesitan de ese comunicador que les habla al o\u00eddo a los gerentes y conoce de los negocios para proyectarlos.<\/p>\n<p>Los comunicadores dedicados al trabajo con las organizaciones pasaron a ocupar un nuevos estatus: aquel que por su creatividad y rigurosidad permite que las cajas registradoras suenen con balances favorables para las empresas en los sectores p\u00fablicos y privados. Como aquel, que posiciona empresas de rentabilidad social, ll\u00e1mense ONG o fundaciones de ayuda, garantizando articulaciones de gobernabilidad entre el Estado y la sociedad civil.<\/p>\n<p>Quienes creen que los comunicadores sociales solo integran los conocimientos con el ingenio y la creatividad, realmente los menosprecian. Olvidan que son capaces de construir historias, sugiriendo y manejando los artificios de la imagen y las posibilidades m\u00faltiples de significaci\u00f3n que pueden lograr por medio de los sonidos.<\/p>\n<p>El verdadero comunicador (el de la Universidad de Pamplona) conoce la frontera, sus problemas; pero, adem\u00e1s, advierte la necesidad de valorar lo cotidiano, el d\u00eda a d\u00eda, lo local, como tambi\u00e9n es capaz de proyectar sus municipios para que el mundo los reconozca.<\/p>\n<p>Sus vidas continuar\u00e1n, su casa cada vez estar\u00e1 mejor cuidada, la formaci\u00f3n de un cuerpo docente capacitado, la autoevaluaci\u00f3n permanente y los importantes convenios y proyectos de maestr\u00eda que la sede de Villa del Rosario busca nos deben llevar a una acreditaci\u00f3n de calidad. Hacerlo no es f\u00e1cil, por eso nos examinamos siempre, las fallas las estamos superando d\u00eda a d\u00eda. Quienes est\u00e9n en el programa que ahora tiene el eslogan m\u00e1s proyecci\u00f3n, m\u00e1s frontera, disfrutar\u00e1n de un programa din\u00e1mico. Quienes se grad\u00faan, o han recibido nuestro t\u00edtulo, tendr\u00e1n en adelante las puertas a privilegios que no se hab\u00edan obtenido hasta entonces, en particular, con comunicaci\u00f3n social.<\/p>\n<p>Egresados, ustedes para nosotros seguir\u00e1n siendo una prioridad, m\u00e1xime cuando cada uno es el c\u00f3digo de barras que habla de nuestra identidad formativa. El juramento que tomar\u00e1n hoy es un manifiesto y la Universidad, siempre, siempre, estar\u00e1 ah\u00ed para apoyarlos. El modelo Estado, Universidad, empresa, comunidad, debe estar cada vez m\u00e1s integrado.<\/p>\n<p>El \u00faltimo aspecto en el que quiero hacer \u00e9nfasis es el del significado de la lecto-escritura para los comunicadores sociales. Mientras que otros pa\u00edses tienen el promedio de uno o m\u00e1s libros por mes, nuestra Colombia a duras penas llega a dos libros por a\u00f1o. El nivel de lectura es un m\u00ednimo de calidad en ese camino de proponer soluciones para aquellos ciudadanos que conforman el 34 % de la pobreza en Colombia. Conocer mundos y realidades, dar insumos de conocimientos solo lo podemos hacer por medio de la lectura, generar mundos y plantear realidades, solo con la escritura. La una es proporcional y dependiente de la otra.<\/p>\n<p>Cuando Roseau habl\u00f3 del poder de las mayor\u00edas, siempre pens\u00f3 en esa mayor\u00eda ilustrada que pod\u00eda decidir desde el conocimiento. Pero si no hay lectura no hay escritura y obviamente comunidades cada vez m\u00e1s desinformadas. Vol\u00famenes de informaci\u00f3n existen en las m\u00faltiples autopistas de datos, pero son ustedes los que deben garantizar la calidad de los contenidos. Ustedes no solo estudiaron para ganarse la vida, la vida gan\u00f3 todo con ustedes, docentes, padres de familia, graduados, todas las felicitaciones.<\/p>\n<p>Gracias. <\/p>\n","protected":false},"excerpt":{"rendered":"<p>Discurso de grado de Edgar Allan Ni\u00f1o, director del programa de Comunicaci\u00f3n Social de la Universidad de Pamplona, sede Villa del Rosario, con ocasi\u00f3n del grado de 37 profesionales. El acto se cumpli\u00f3 en el aula m\u00e1xima, el 26 de abril. Cuando Plat\u00f3n quiso diferenciar entre la aristocracia y la democracia encontr\u00f3 que el poder &hellip;<\/p>\n","protected":false},"author":1,"featured_media":17519,"comment_status":"open","ping_status":"open","sticky":false,"template":"","format":"standard","meta":{"footnotes":""},"categories":[74,4],"tags":[641,643],"class_list":["post-17522","post","type-post","status-publish","format-standard","has-post-thumbnail","hentry","category-aula-universitaria","category-barra","tag-edgar-allan-nino","tag-grados-en-unipamplona"],"_links":{"self":[{"href":"https:\/\/contraluzcucuta.co\/index.php?rest_route=\/wp\/v2\/posts\/17522","targetHints":{"allow":["GET"]}}],"collection":[{"href":"https:\/\/contraluzcucuta.co\/index.php?rest_route=\/wp\/v2\/posts"}],"about":[{"href":"https:\/\/contraluzcucuta.co\/index.php?rest_route=\/wp\/v2\/types\/post"}],"author":[{"embeddable":true,"href":"https:\/\/contraluzcucuta.co\/index.php?rest_route=\/wp\/v2\/users\/1"}],"replies":[{"embeddable":true,"href":"https:\/\/contraluzcucuta.co\/index.php?rest_route=%2Fwp%2Fv2%2Fcomments&post=17522"}],"version-history":[{"count":1,"href":"https:\/\/contraluzcucuta.co\/index.php?rest_route=\/wp\/v2\/posts\/17522\/revisions"}],"predecessor-version":[{"id":17523,"href":"https:\/\/contraluzcucuta.co\/index.php?rest_route=\/wp\/v2\/posts\/17522\/revisions\/17523"}],"wp:featuredmedia":[{"embeddable":true,"href":"https:\/\/contraluzcucuta.co\/index.php?rest_route=\/wp\/v2\/media\/17519"}],"wp:attachment":[{"href":"https:\/\/contraluzcucuta.co\/index.php?rest_route=%2Fwp%2Fv2%2Fmedia&parent=17522"}],"wp:term":[{"taxonomy":"category","embeddable":true,"href":"https:\/\/contraluzcucuta.co\/index.php?rest_route=%2Fwp%2Fv2%2Fcategories&post=17522"},{"taxonomy":"post_tag","embeddable":true,"href":"https:\/\/contraluzcucuta.co\/index.php?rest_route=%2Fwp%2Fv2%2Ftags&post=17522"}],"curies":[{"name":"wp","href":"https:\/\/api.w.org\/{rel}","templated":true}]}}