{"id":17515,"date":"2013-04-30T22:51:57","date_gmt":"2013-05-01T03:51:57","guid":{"rendered":"http:\/\/contraluzcucuta.co\/?p=17515"},"modified":"2013-04-30T22:51:57","modified_gmt":"2013-05-01T03:51:57","slug":"plaza-de-ferias-mariano-ospina-perez-vive-para-el-recuerdo","status":"publish","type":"post","link":"https:\/\/contraluzcucuta.co\/?p=17515","title":{"rendered":"Plaza de ferias Mariano Ospina P\u00e9rez, vive para el recuerdo"},"content":{"rendered":"<p><strong>C\u00daCUTA.-<\/strong> La plaza de ferias de C\u00facuta, inaugurada en la d\u00e9cada de los 50, es el homenaje de los nortesantanderanos al expresidente conservador Mariano Ospina P\u00e9rez. En las tres hect\u00e1reas de extensi\u00f3n hab\u00eda 155 caballerizas, 12 vomitorios para la entraba y salida del ganado, y la plaza de toros San Jos\u00e9 de C\u00facuta, con capacidad para 4000 aficionados. Como prioridad ten\u00eda el fomento ganadero. A diario se comercializaban\u00a0 m\u00e1s de 7000 reses, que se enviaban para Venezuela.<\/p>\n<p>En el 2009, por orden de la Asamblea de Norte de Santander, cerr\u00f3 las puertas y no hubo m\u00e1s actividad. La liquidaci\u00f3n empez\u00f3 el primero de enero\u00a0 del 2010. \u201cLa plaza de ferias era de los asociados a la Cooperativa Ganadera. Se la vendimos al departamento en $ 400.000, para que la administrara, pero lo que hizo fue deteriorarla\u201d, afirm\u00f3 el ganadero conocido como \u2018Tortugo\u2019.<\/p>\n<p>Para \u2018Kika\u2019, exvendedora en el centro ferial, la edificaci\u00f3n \u00a0\u201ces patrimonio cultural de los cucute\u00f1os\u201d. Despu\u00e9s del cierre m\u00e1s de 400 personas quedaron sin trabajo. En la plaza se hac\u00edan exposiciones equinas, se comercializaba ganado, la gente vend\u00eda carne, minutos y aguardiente. \u00a0El ambiente se prestaba para una fiesta de cultura ganadera, sin problemas de delincuencia, ni estafas, porque todo era legal, se\u00f1al\u00f3 \u2018Kika\u2019.<\/p>\n<p>\u201cHay una ordenanza que determin\u00f3 la liquidaci\u00f3n de la plaza de ferias. Ya se despidi\u00f3 a todo el personal. Estamos en el proceso de liquidaci\u00f3n y no puedo ir en contra de las \u00f3rdenes de la Asamblea ni en contra de la ley\u201d, expres\u00f3 en su momento el exgobernador William Villamizar, ante los ganaderos.<\/p>\n<p>A Alberto Z\u00e1rate Caballero lo nombraron gerente liquidador de la Corporaci\u00f3n. \u201cTodo se hizo en forma legal\u201d. El departamento \u00a0indemniz\u00f3 a los 24 empleados de planta. La decisi\u00f3n del cierre se tom\u00f3 \u00a0por la falta de recursos para el mantenimiento.<\/p>\n<p>En\u00a0 una \u00e9poca la plaza Mariano Ospina P\u00e9rez generaba buenos ingresos, con los que se cubr\u00edan los gastos b\u00e1sicos de mantenimiento y servicios. De un tiempo para ac\u00e1, a causa del contrabando de ganado, los recaudos mermaron y se volvi\u00f3 improductiva. Los ganaderos socios de la Corporaci\u00f3n compraban ganado en Venezuela, a menor precio que en Colombia.<\/p>\n<p>Otro inconveniente lo produjo la ley que orden\u00f3 el pesaje del ganado en los mataderos municipales. La plaza se sosten\u00eda con el servicio que prestaba a diario a los due\u00f1os de las reses. Los ingresos bajaron a niveles que hicieron insostenible la operatividad del recinto.<\/p>\n<p>El gerente liquidador Z\u00e1rate Caballero afirm\u00f3 que la plaza no est\u00e1 vendida, que el terreno como tal todav\u00eda es del departamento. Lo que desapareci\u00f3 fue la Corporaci\u00f3n de Ferias\u00a0 y Exposiciones como figura jur\u00eddica. Los vendedores y la administraci\u00f3n llegaron a un acuerdo de pago para saldar cuentas. Muchos no hab\u00edan pagado arriendo, se cruzaron cuentas y se liquidaron los 24 trabajadores de planta. El proceso cost\u00f3 $ 2000 millones y dur\u00f3 dos a\u00f1os.<\/p>\n<p>En cuanto a las acusaciones a William Villamizar por asumir la liquidaci\u00f3n,\u00a0 Z\u00e1rate explic\u00f3 que el exgobernador acat\u00f3 la orden impartida por la Asamblea. \u201cJam\u00e1s prometi\u00f3 reubicar la plaza de ferias. Solo hab\u00eda acordado con ganaderos y vendedores donar un terreno en El Zulia para que construyeran la plaza\u201d.<\/p>\n<p>Anastasio Ram\u00edrez, legendario luchador y defensor de la feria, permaneci\u00f3 en huelga de hambre 72 horas para protestar por el cierre de la plaza. El esfuerzo result\u00f3 en vano. Tres a\u00f1os despu\u00e9s de haberse cerrado las puertas tiene la esperanza de que vuelvan a abrirse.<\/p>\n<p>Calific\u00f3 la clausura de la plaza como un saboteo, porque no los notificaron p\u00fablicamente. Unos trabajadores llegaron a la sede ganadera y empezaron a quitar las tejas y a da\u00f1ar las tuber\u00edas. Al darse cuenta de lo ocurrido recolectaron firmas para oponerse al cierre definitivo. Muchos hombres y mujeres, despu\u00e9s de 20 a\u00f1os de vivir en ese lugar, quedar\u00edan sin empleo.<\/p>\n<p>Domingo Ram\u00edrez, excomerciante de ganado, dijo que \u201clo que nos hicieron fue un da\u00f1o y para nada, porque el terreno se est\u00e1 perdiendo y pudriendo. Ayudaba en la compra del ganado y \u00a0lo pas\u00e1bamos para el matadero municipal. Me hac\u00eda mi platica. Ahora, en qu\u00e9 puedo trabajar si tengo 75\u00a0 a\u00f1os. Debo esperar a lo que me dan mis hijos. Me siento como un mantenido\u201d.<\/p>\n<p>Para los ganaderos el problema fue mayor. Jorge Ram\u00edrez trabaj\u00f3 m\u00e1s \u00a0de\u00a0 10 a\u00f1os en el lugar. Record\u00f3 lo f\u00e1cil que era vender ganado, hacer negocios y recibir el dinero al instante. Ahora, es una tortura pues deben tener el sitio listo para la venta, sea una finca o un terreno, y alistar el trasporte al matadero.<\/p>\n<p>En C\u00facuta no hay un sitio para el sacrificio de las reses por lo que deben llevarlas a Villa del Rosario o a El Zulia. All\u00ed, dejarlas donde el comprador. Cuando la plaza funcionaba en menos de una hora se cerraban los negocios. Incluso, se hac\u00eda vida social. \u201cLos que pertenec\u00edamos al medio nos la pas\u00e1bamos en feria\u201d. Ah\u00ed se consegu\u00edan los contactos para la otra venta.<\/p>\n<p>La Gobernaci\u00f3n no tiene proyectado construir otra plaza de ferias. La inversi\u00f3n para el departamento ser\u00eda onerosa y no recibir\u00eda los mismos ingresos que antes. Mientras, ganaderos y comerciantes luchan por una buena negociaci\u00f3n a la hora de vender ganado.<\/p>\n<p>El terreno est\u00e1 abandonado y en deterioro continuo. Aqu\u00ed, todav\u00eda es com\u00fan encontrar vendedores ambulantes a la espera de un cliente. Los m\u00e1s de 50 comerciantes de ganado van y miran las puertas cerradas de la Plaza de Ferias Mariano Ospina P\u00e9rez y parten con la nostalgia por regresar al pasado.<\/p>\n<p><b>CINDY MARGARITA R\u00cdOS<\/b><\/p>\n<p>Estudiante de Comunicaci\u00f3n Social<\/p>\n<p>Universidad de Pamplona<\/p>\n<p>Campus de Villa del Rosario<\/p>\n<p>&nbsp; <\/p>\n","protected":false},"excerpt":{"rendered":"<p>C\u00daCUTA.- La plaza de ferias de C\u00facuta, inaugurada en la d\u00e9cada de los 50, es el homenaje de los nortesantanderanos al expresidente conservador Mariano Ospina P\u00e9rez. En las tres hect\u00e1reas de extensi\u00f3n hab\u00eda 155 caballerizas, 12 vomitorios para la entraba y salida del ganado, y la plaza de toros San Jos\u00e9 de C\u00facuta, con capacidad &hellip;<\/p>\n","protected":false},"author":1,"featured_media":17516,"comment_status":"open","ping_status":"open","sticky":false,"template":"","format":"standard","meta":{"footnotes":""},"categories":[74,4],"tags":[640],"class_list":["post-17515","post","type-post","status-publish","format-standard","has-post-thumbnail","hentry","category-aula-universitaria","category-barra","tag-plaza-de-ferias-de-cucuta"],"_links":{"self":[{"href":"https:\/\/contraluzcucuta.co\/index.php?rest_route=\/wp\/v2\/posts\/17515","targetHints":{"allow":["GET"]}}],"collection":[{"href":"https:\/\/contraluzcucuta.co\/index.php?rest_route=\/wp\/v2\/posts"}],"about":[{"href":"https:\/\/contraluzcucuta.co\/index.php?rest_route=\/wp\/v2\/types\/post"}],"author":[{"embeddable":true,"href":"https:\/\/contraluzcucuta.co\/index.php?rest_route=\/wp\/v2\/users\/1"}],"replies":[{"embeddable":true,"href":"https:\/\/contraluzcucuta.co\/index.php?rest_route=%2Fwp%2Fv2%2Fcomments&post=17515"}],"version-history":[{"count":1,"href":"https:\/\/contraluzcucuta.co\/index.php?rest_route=\/wp\/v2\/posts\/17515\/revisions"}],"predecessor-version":[{"id":17517,"href":"https:\/\/contraluzcucuta.co\/index.php?rest_route=\/wp\/v2\/posts\/17515\/revisions\/17517"}],"wp:featuredmedia":[{"embeddable":true,"href":"https:\/\/contraluzcucuta.co\/index.php?rest_route=\/wp\/v2\/media\/17516"}],"wp:attachment":[{"href":"https:\/\/contraluzcucuta.co\/index.php?rest_route=%2Fwp%2Fv2%2Fmedia&parent=17515"}],"wp:term":[{"taxonomy":"category","embeddable":true,"href":"https:\/\/contraluzcucuta.co\/index.php?rest_route=%2Fwp%2Fv2%2Fcategories&post=17515"},{"taxonomy":"post_tag","embeddable":true,"href":"https:\/\/contraluzcucuta.co\/index.php?rest_route=%2Fwp%2Fv2%2Ftags&post=17515"}],"curies":[{"name":"wp","href":"https:\/\/api.w.org\/{rel}","templated":true}]}}