{"id":17512,"date":"2013-04-30T22:46:00","date_gmt":"2013-05-01T03:46:00","guid":{"rendered":"http:\/\/contraluzcucuta.co\/?p=17512"},"modified":"2013-04-30T22:46:00","modified_gmt":"2013-05-01T03:46:00","slug":"la-frontera-requiere-mas-atencion","status":"publish","type":"post","link":"https:\/\/contraluzcucuta.co\/?p=17512","title":{"rendered":"La frontera requiere m\u00e1s atenci\u00f3n"},"content":{"rendered":"<p>1.- Para enfocar, analizar y hallarle soluci\u00f3n a las diversas situaciones y tem\u00e1ticas que \u00a0condicionan y afectan el desenvolvimiento y las enormes perspectivas que en la integraci\u00f3n y la acci\u00f3n compartida pueden emprender Colombia y Venezuela en la frontera com\u00fan, es v\u00e1lido\u00a0 indagar \u00bfcu\u00e1ndo y en d\u00f3nde se reunir\u00e1n los dos gobiernos?<\/p>\n<p>2.- Esta pregunta la formulan todos los sectores y, en especial, aquellos que anhelan que se abran compuertas a la capacitaci\u00f3n, a la innovaci\u00f3n y a la investigaci\u00f3n para dar paso con esos soportes\u00a0 a la creaci\u00f3n, establecimiento y proyecci\u00f3n, de parques industriales y servicios\u00a0 tecnol\u00f3gicos, impulsores de fuentes de trabajo y canalizadores de gestiones nacionales e internacionales.<\/p>\n<p>3.- Ante la conveniencia de hallar puntos de apoyo\u00a0 y de convergencia\u00a0 para que las financiaciones constituyan est\u00edmulo e incentivo en las inversiones que se definan, insinuamos la creaci\u00f3n del Fondo o Banco de Desarrollo\u00a0 Fronterizo Colombo-venezolano, que puede constituirse\u00a0 y transformarse en promotora de inversi\u00f3n para planes, programas, proyectos y mejoramientos infraestructurales y de complementos b\u00e1sicos, como lo requiere la frontera.<\/p>\n<p>\u00bfSer\u00e1 posible que pueda haber mayor inter\u00e9s hacia la mancomunidad y la labor concertada y en equipo, con otros pa\u00edses, que con los que integraron\u00a0 la Gran Colombia y constituyen la esencia y el ejemplo del mensaje del Libertador? \u00bfPuede progresar nuestra gente sin la\u00a0 indispensable consideraci\u00f3n, asistencia y apoyo\u00a0 que amerita esta frontera?<\/p>\n<p>Adem\u00e1s, es conveniente que los pasos fronterizos sean para dar permisibilidad al desarrollo y que no se cierren nunca. \u00bfPor qu\u00e9? Porque la\u00a0 frontera necesita m\u00e1s consideraci\u00f3n\u00a0\u00a0 y aut\u00e9nticos est\u00edmulos e incentivos para que no haya m\u00e1s esperas y suspensos. Y porque a estas fajas territoriales de tanta importancia &#8211; en todos los sentidos\u00a0 y opciones &#8211;\u00a0 les urge una\u00a0 verdadera y ejemplarizante\u00a0 representatividad, con\u00a0 presencia\u00a0 y participaci\u00f3n en los niveles que establecen y definen decisiones.<\/p>\n<p><b>JOS\u00c9 NEIRA REY<\/b><\/p>\n<p><a href=\"mailto:jneirarey@hotmail.com\">jneirarey@hotmail.com<\/a><\/p>\n<p>&nbsp; <\/p>\n","protected":false},"excerpt":{"rendered":"<p>1.- Para enfocar, analizar y hallarle soluci\u00f3n a las diversas situaciones y tem\u00e1ticas que \u00a0condicionan y afectan el desenvolvimiento y las enormes perspectivas que en la integraci\u00f3n y la acci\u00f3n compartida pueden emprender Colombia y Venezuela en la frontera com\u00fan, es v\u00e1lido\u00a0 indagar \u00bfcu\u00e1ndo y en d\u00f3nde se reunir\u00e1n los dos gobiernos? 2.- Esta pregunta &hellip;<\/p>\n","protected":false},"author":1,"featured_media":17513,"comment_status":"open","ping_status":"open","sticky":false,"template":"","format":"standard","meta":{"footnotes":""},"categories":[14,4],"tags":[303],"class_list":["post-17512","post","type-post","status-publish","format-standard","has-post-thumbnail","hentry","category-articulistas","category-barra","tag-jose-neira-rey"],"_links":{"self":[{"href":"https:\/\/contraluzcucuta.co\/index.php?rest_route=\/wp\/v2\/posts\/17512","targetHints":{"allow":["GET"]}}],"collection":[{"href":"https:\/\/contraluzcucuta.co\/index.php?rest_route=\/wp\/v2\/posts"}],"about":[{"href":"https:\/\/contraluzcucuta.co\/index.php?rest_route=\/wp\/v2\/types\/post"}],"author":[{"embeddable":true,"href":"https:\/\/contraluzcucuta.co\/index.php?rest_route=\/wp\/v2\/users\/1"}],"replies":[{"embeddable":true,"href":"https:\/\/contraluzcucuta.co\/index.php?rest_route=%2Fwp%2Fv2%2Fcomments&post=17512"}],"version-history":[{"count":1,"href":"https:\/\/contraluzcucuta.co\/index.php?rest_route=\/wp\/v2\/posts\/17512\/revisions"}],"predecessor-version":[{"id":17514,"href":"https:\/\/contraluzcucuta.co\/index.php?rest_route=\/wp\/v2\/posts\/17512\/revisions\/17514"}],"wp:featuredmedia":[{"embeddable":true,"href":"https:\/\/contraluzcucuta.co\/index.php?rest_route=\/wp\/v2\/media\/17513"}],"wp:attachment":[{"href":"https:\/\/contraluzcucuta.co\/index.php?rest_route=%2Fwp%2Fv2%2Fmedia&parent=17512"}],"wp:term":[{"taxonomy":"category","embeddable":true,"href":"https:\/\/contraluzcucuta.co\/index.php?rest_route=%2Fwp%2Fv2%2Fcategories&post=17512"},{"taxonomy":"post_tag","embeddable":true,"href":"https:\/\/contraluzcucuta.co\/index.php?rest_route=%2Fwp%2Fv2%2Ftags&post=17512"}],"curies":[{"name":"wp","href":"https:\/\/api.w.org\/{rel}","templated":true}]}}