{"id":17509,"date":"2013-04-30T22:31:10","date_gmt":"2013-05-01T03:31:10","guid":{"rendered":"http:\/\/contraluzcucuta.co\/?p=17509"},"modified":"2013-04-30T22:31:10","modified_gmt":"2013-05-01T03:31:10","slug":"regreso-jossimar-calvo-y-trajo-una-medalla-de-oro","status":"publish","type":"post","link":"https:\/\/contraluzcucuta.co\/?p=17509","title":{"rendered":"Regres\u00f3 Jossimar Calvo y trajo una medalla de oro"},"content":{"rendered":"<p><b>C\u00daCUTA.-<\/b> Seguidores y simpatizantes del gimnasta cucute\u00f1o Jossimar Calvo Moreno salieron a las v\u00edas cucute\u00f1as para darle la bienvenida. El deportista gan\u00f3, el 28 de abril, la medalla de oro en el Mundial de Eslovenia.<\/p>\n<p>\u201cJossimar se convierte en ejemplo para la juventud\u201d de la capital de Norte de Santander, dijo el alcalde Donamaris Ram\u00edrez al recibirlo en el aeropuerto Camilo daza.<\/p>\n<p>Calvo Moreno se subi\u00f3 al carro de bomberos, junto al t\u00e9cnico Jairo Ru\u00edz, y al mejor estilo de los ganadores dio el pase\u00edllo por las calles de la ciudad. El gimnasta salud\u00f3 a los simpatizantes, que participaron en la caravana de carros, motos y bicicletas.<\/p>\n<p>El primer colombiano que le entrega al pa\u00eds una medalla de oro en gimnasia al dejar \u2018colgados de los aparatos\u2019 a los miembros de la elite mundial.<\/p>\n<p>Al medallista lo acompa\u00f1aron gimnastas nortesantandereanos en el recorrido que parti\u00f3 del aeropuerto, tom\u00f3 la avenida Los Libertadores, sigui\u00f3 hacia el centro por la avenida Gran Colombia y lleg\u00f3 al Parque Santander.<\/p>\n<p>En el 2011, Jossimar Calvo Moreno gan\u00f3 el oro en los XVI Juegos Panamericanos de Guadalajara (M\u00e9xico). Ese triunfo lo clasific\u00f3 a las eliminatorias de los Juegos Ol\u00edmpicos de Londres 2012.<\/p>\n<p>La medalla que trajo desde lejanas tierras es un paso gigante para aspirar a estar en los Ol\u00edmpicos de R\u00edo de Janeiro (Brasil).<\/p>\n<p>&nbsp; <\/p>\n","protected":false},"excerpt":{"rendered":"<p>C\u00daCUTA.- Seguidores y simpatizantes del gimnasta cucute\u00f1o Jossimar Calvo Moreno salieron a las v\u00edas cucute\u00f1as para darle la bienvenida. El deportista gan\u00f3, el 28 de abril, la medalla de oro en el Mundial de Eslovenia. \u201cJossimar se convierte en ejemplo para la juventud\u201d de la capital de Norte de Santander, dijo el alcalde Donamaris Ram\u00edrez &hellip;<\/p>\n","protected":false},"author":1,"featured_media":17510,"comment_status":"open","ping_status":"open","sticky":false,"template":"","format":"standard","meta":{"footnotes":""},"categories":[45],"tags":[639],"class_list":["post-17509","post","type-post","status-publish","format-standard","has-post-thumbnail","hentry","category-destacado","tag-jossimar-calvo"],"_links":{"self":[{"href":"https:\/\/contraluzcucuta.co\/index.php?rest_route=\/wp\/v2\/posts\/17509","targetHints":{"allow":["GET"]}}],"collection":[{"href":"https:\/\/contraluzcucuta.co\/index.php?rest_route=\/wp\/v2\/posts"}],"about":[{"href":"https:\/\/contraluzcucuta.co\/index.php?rest_route=\/wp\/v2\/types\/post"}],"author":[{"embeddable":true,"href":"https:\/\/contraluzcucuta.co\/index.php?rest_route=\/wp\/v2\/users\/1"}],"replies":[{"embeddable":true,"href":"https:\/\/contraluzcucuta.co\/index.php?rest_route=%2Fwp%2Fv2%2Fcomments&post=17509"}],"version-history":[{"count":1,"href":"https:\/\/contraluzcucuta.co\/index.php?rest_route=\/wp\/v2\/posts\/17509\/revisions"}],"predecessor-version":[{"id":17511,"href":"https:\/\/contraluzcucuta.co\/index.php?rest_route=\/wp\/v2\/posts\/17509\/revisions\/17511"}],"wp:featuredmedia":[{"embeddable":true,"href":"https:\/\/contraluzcucuta.co\/index.php?rest_route=\/wp\/v2\/media\/17510"}],"wp:attachment":[{"href":"https:\/\/contraluzcucuta.co\/index.php?rest_route=%2Fwp%2Fv2%2Fmedia&parent=17509"}],"wp:term":[{"taxonomy":"category","embeddable":true,"href":"https:\/\/contraluzcucuta.co\/index.php?rest_route=%2Fwp%2Fv2%2Fcategories&post=17509"},{"taxonomy":"post_tag","embeddable":true,"href":"https:\/\/contraluzcucuta.co\/index.php?rest_route=%2Fwp%2Fv2%2Ftags&post=17509"}],"curies":[{"name":"wp","href":"https:\/\/api.w.org\/{rel}","templated":true}]}}