{"id":17505,"date":"2013-04-30T22:12:31","date_gmt":"2013-05-01T03:12:31","guid":{"rendered":"http:\/\/contraluzcucuta.co\/?p=17505"},"modified":"2013-04-30T22:12:31","modified_gmt":"2013-05-01T03:12:31","slug":"brigada-humanitaria-en-las-mercedes","status":"publish","type":"post","link":"https:\/\/contraluzcucuta.co\/?p=17505","title":{"rendered":"Brigada Humanitaria en Las Mercedes"},"content":{"rendered":"<p><b>LAS MERCEDES (Sardinata).-<\/b> En la vida de Yurjel Quintana Garc\u00eda y Vitalia Becerra de Ortega se escribi\u00f3 un nuevo cap\u00edtulo. Recibieron ayudas t\u00e9cnicas, caminador y silla de ruedas donados por la Gobernaci\u00f3n de Norte de Santander y el Ej\u00e9rcito. La entrega se hizo en la brigada humanitaria que por primera vez lleg\u00f3 a Las Mercedes (Sardinata).<\/p>\n<p>Yurjel tiene 14 a\u00f1os, camina con dificultad debido a un problema en las extremidades inferiores. Personal m\u00e9dico que acompa\u00f1\u00f3 la jornada lo valor\u00f3. La madre lo llev\u00f3 desde el casco urbano del corregimiento hasta el colegio Monse\u00f1or Sarmiento Peralta y al final del recorrido se encontr\u00f3 con la grata sorpresa.<\/p>\n<p>A Vitalia Becerra la felicidad la invadi\u00f3 cuando dej\u00f3 atr\u00e1s la obsoleta silla de ruedas. Esta mujer de 81 a\u00f1os, llor\u00f3 al estrenar un elemento que le mejorar\u00e1 la movilidad y el diario vivir.<\/p>\n<p>Dos mil habitantes de las 43 veredas de Las Mercedes recibieron servicios de optometr\u00eda, nutrici\u00f3n, medicina general, fonoaudiolog\u00eda, terapia f\u00edsica, vacunaci\u00f3n y recreaci\u00f3n. Adem\u00e1s, ayuda para adelantar tr\u00e1mites ante la Registradur\u00eda del Estado Civil.<\/p>\n<p>En la jornada se atendieron 480 pacientes en medicina general; 329 ni\u00f1os y 20 madres gestantes, en nutrici\u00f3n; 172 menores y 145 adultos mayores, en optometr\u00eda; 27 ni\u00f1os vacunados; 47 menores de edad recibieron la tarjeta de identidad; 70 pacientes se atendieron en fonoaudiolog\u00eda; 15 en terapia f\u00edsica y 450 ni\u00f1os recibieron regalos donados por la Gobernaci\u00f3n y el Ej\u00e9rcito.<\/p>\n<p>Las jornadas son la ratificaci\u00f3n del compromiso del gobierno departamental con el bienestar de la comunidad vulnerable y a las que es necesario llegar con servicios \u00f3ptimos.<\/p>\n<p>La donaci\u00f3n comprendi\u00f3 dos sillas de ruedas, tres bastones y una muleta para pacientes. Se entregaron 250 mercados, 200 kits de aseo, 200 kits de higiene oral, 400 juguetes, 15 kits maternos y 200 prendas de vestir.<\/p>\n<p>Henry Rojas, presb\u00edtero de la parroquia Nuestra Se\u00f1ora de Las Mercedes, dijo que la brigada se convirti\u00f3 en un momento de esperanza para el pueblo que se ha sentido abandonado.<\/p>\n<p>&nbsp; <\/p>\n","protected":false},"excerpt":{"rendered":"<p>LAS MERCEDES (Sardinata).- En la vida de Yurjel Quintana Garc\u00eda y Vitalia Becerra de Ortega se escribi\u00f3 un nuevo cap\u00edtulo. Recibieron ayudas t\u00e9cnicas, caminador y silla de ruedas donados por la Gobernaci\u00f3n de Norte de Santander y el Ej\u00e9rcito. La entrega se hizo en la brigada humanitaria que por primera vez lleg\u00f3 a Las Mercedes &hellip;<\/p>\n","protected":false},"author":1,"featured_media":17506,"comment_status":"open","ping_status":"open","sticky":false,"template":"","format":"standard","meta":{"footnotes":""},"categories":[32],"tags":[638],"class_list":["post-17505","post","type-post","status-publish","format-standard","has-post-thumbnail","hentry","category-recorrido-por-la-region","tag-sardinata"],"_links":{"self":[{"href":"https:\/\/contraluzcucuta.co\/index.php?rest_route=\/wp\/v2\/posts\/17505","targetHints":{"allow":["GET"]}}],"collection":[{"href":"https:\/\/contraluzcucuta.co\/index.php?rest_route=\/wp\/v2\/posts"}],"about":[{"href":"https:\/\/contraluzcucuta.co\/index.php?rest_route=\/wp\/v2\/types\/post"}],"author":[{"embeddable":true,"href":"https:\/\/contraluzcucuta.co\/index.php?rest_route=\/wp\/v2\/users\/1"}],"replies":[{"embeddable":true,"href":"https:\/\/contraluzcucuta.co\/index.php?rest_route=%2Fwp%2Fv2%2Fcomments&post=17505"}],"version-history":[{"count":1,"href":"https:\/\/contraluzcucuta.co\/index.php?rest_route=\/wp\/v2\/posts\/17505\/revisions"}],"predecessor-version":[{"id":17507,"href":"https:\/\/contraluzcucuta.co\/index.php?rest_route=\/wp\/v2\/posts\/17505\/revisions\/17507"}],"wp:featuredmedia":[{"embeddable":true,"href":"https:\/\/contraluzcucuta.co\/index.php?rest_route=\/wp\/v2\/media\/17506"}],"wp:attachment":[{"href":"https:\/\/contraluzcucuta.co\/index.php?rest_route=%2Fwp%2Fv2%2Fmedia&parent=17505"}],"wp:term":[{"taxonomy":"category","embeddable":true,"href":"https:\/\/contraluzcucuta.co\/index.php?rest_route=%2Fwp%2Fv2%2Fcategories&post=17505"},{"taxonomy":"post_tag","embeddable":true,"href":"https:\/\/contraluzcucuta.co\/index.php?rest_route=%2Fwp%2Fv2%2Ftags&post=17505"}],"curies":[{"name":"wp","href":"https:\/\/api.w.org\/{rel}","templated":true}]}}