{"id":17502,"date":"2013-04-30T21:46:16","date_gmt":"2013-05-01T02:46:16","guid":{"rendered":"http:\/\/contraluzcucuta.co\/?p=17502"},"modified":"2013-04-30T21:46:16","modified_gmt":"2013-05-01T02:46:16","slug":"definido-plan-de-atencion-territorial-a-las-victimas","status":"publish","type":"post","link":"https:\/\/contraluzcucuta.co\/?p=17502","title":{"rendered":"Definido Plan de Atenci\u00f3n Territorial a las V\u00edctimas"},"content":{"rendered":"<p><b>C\u00daCUTA.-<\/b> El Sistema Nacional de Atenci\u00f3n y Reparaci\u00f3n Integral y la Secretar\u00eda T\u00e9cnica de la Mesa Departamental de V\u00edctimas definieron el Plan de Atenci\u00f3n Territorial. Con el documento se espera responder a las necesidades y los intereses de los grupos afectados por el conflicto armado y otros hechos\u00a0 diferentes al desplazamiento forzado en Norte de Santander.<\/p>\n<p>\u201cHoy podemos hacer un balance positivo del proceso que desde el a\u00f1o pasado hemos venido haciendo, bajo las instrucciones del gobernador Edgar D\u00edaz\u201d, manifest\u00f3 Ronald Contreras Fl\u00f3rez, secretario de Atenci\u00f3n Integral a las V\u00edctimas.<\/p>\n<p>El plan de acci\u00f3n se elaborar\u00e1 de manera concertada e incluyente con las v\u00edctimas en el departamento. Ser\u00e1 el resultado de varias sesiones en las que la institucionalidad p\u00fablica ha escuchado propuestas para consolidar las medidas de asistencia y reparaci\u00f3n integral.<\/p>\n<p>Destac\u00f3 el trabajo y el compromiso de los delegados de las v\u00edctimas para la construcci\u00f3n del PAT. Los aportes servir\u00e1n al Sistema Nacional de Atenci\u00f3n para contar con la hoja de ruta que los obligue a cumplir y a ejecutar las pol\u00edticas, los programas y los proyectos que las beneficiar\u00e1n.<\/p>\n<p>El borrador del Plan ser\u00e1 presentado al Comit\u00e9 de Justicia Transicional, el 15 de mayo, para la aprobaci\u00f3n. El documento tiene seis componentes:<\/p>\n<p>1.- Atenci\u00f3n y asistencia<\/p>\n<p>2.- Prevenci\u00f3n y protecci\u00f3n<\/p>\n<p>3.- Reparaci\u00f3n integral<\/p>\n<p>4.- Verdad y justicia<\/p>\n<p>5.- Retornos<\/p>\n<p>6.- Reubicaciones y participaci\u00f3n.<\/p>\n<p>Luis Alberto Rojas, representante de la Mesa de Desplazados de Norte de Santander, est\u00e1 expectante por el inicio de la implementaci\u00f3n del Plan de Acci\u00f3n y que el Ministerio P\u00fablico, por intermedio de la Defensor\u00eda del Pueblo y la Procuradur\u00eda General de la Naci\u00f3n, haga el seguimiento a la ejecuci\u00f3n del documento para el progreso de la poblaci\u00f3n v\u00edctima.<\/p>\n<p>La jornada cont\u00f3 con el apoyo de los organismos de cooperaci\u00f3n internacional MAPP-OEA, Ocha, Acnur, CNR, GIZ, CHF, SJR, unidades de Restituci\u00f3n de Tierras y de Atenci\u00f3n Integral a las V\u00edctimas.<\/p>\n<p>&nbsp;<\/p>\n<p>&nbsp; <\/p>\n","protected":false},"excerpt":{"rendered":"<p>C\u00daCUTA.- El Sistema Nacional de Atenci\u00f3n y Reparaci\u00f3n Integral y la Secretar\u00eda T\u00e9cnica de la Mesa Departamental de V\u00edctimas definieron el Plan de Atenci\u00f3n Territorial. Con el documento se espera responder a las necesidades y los intereses de los grupos afectados por el conflicto armado y otros hechos\u00a0 diferentes al desplazamiento forzado en Norte de &hellip;<\/p>\n","protected":false},"author":1,"featured_media":17503,"comment_status":"open","ping_status":"open","sticky":false,"template":"","format":"standard","meta":{"footnotes":""},"categories":[4,5],"tags":[295],"class_list":["post-17502","post","type-post","status-publish","format-standard","has-post-thumbnail","hentry","category-barra","category-justicia-transicional","tag-victimas-del-conflicto"],"_links":{"self":[{"href":"https:\/\/contraluzcucuta.co\/index.php?rest_route=\/wp\/v2\/posts\/17502","targetHints":{"allow":["GET"]}}],"collection":[{"href":"https:\/\/contraluzcucuta.co\/index.php?rest_route=\/wp\/v2\/posts"}],"about":[{"href":"https:\/\/contraluzcucuta.co\/index.php?rest_route=\/wp\/v2\/types\/post"}],"author":[{"embeddable":true,"href":"https:\/\/contraluzcucuta.co\/index.php?rest_route=\/wp\/v2\/users\/1"}],"replies":[{"embeddable":true,"href":"https:\/\/contraluzcucuta.co\/index.php?rest_route=%2Fwp%2Fv2%2Fcomments&post=17502"}],"version-history":[{"count":1,"href":"https:\/\/contraluzcucuta.co\/index.php?rest_route=\/wp\/v2\/posts\/17502\/revisions"}],"predecessor-version":[{"id":17504,"href":"https:\/\/contraluzcucuta.co\/index.php?rest_route=\/wp\/v2\/posts\/17502\/revisions\/17504"}],"wp:featuredmedia":[{"embeddable":true,"href":"https:\/\/contraluzcucuta.co\/index.php?rest_route=\/wp\/v2\/media\/17503"}],"wp:attachment":[{"href":"https:\/\/contraluzcucuta.co\/index.php?rest_route=%2Fwp%2Fv2%2Fmedia&parent=17502"}],"wp:term":[{"taxonomy":"category","embeddable":true,"href":"https:\/\/contraluzcucuta.co\/index.php?rest_route=%2Fwp%2Fv2%2Fcategories&post=17502"},{"taxonomy":"post_tag","embeddable":true,"href":"https:\/\/contraluzcucuta.co\/index.php?rest_route=%2Fwp%2Fv2%2Ftags&post=17502"}],"curies":[{"name":"wp","href":"https:\/\/api.w.org\/{rel}","templated":true}]}}