{"id":16912,"date":"2013-04-02T00:39:09","date_gmt":"2013-04-02T05:39:09","guid":{"rendered":"http:\/\/contraluzcucuta.co\/?p=16912"},"modified":"2013-04-02T00:39:19","modified_gmt":"2013-04-02T05:39:19","slug":"definidas-propuestas-para-beneficiar-a-la-mujer-rural","status":"publish","type":"post","link":"https:\/\/contraluzcucuta.co\/?p=16912","title":{"rendered":"Definidas propuestas para beneficiar a la Mujer Rural"},"content":{"rendered":"<p><b>C\u00daCUTA.-<\/b> Catorce\u00a0 propuestas que beneficiar\u00e1n\u00a0 a asociaciones y organizaciones de Mujeres Rurales de C\u00facuta, Gramalote, Toledo, Pamplona, Chitag\u00e1, El Carmen, El Tarra y Convenci\u00f3n quedaron definidas para inscribirse en la convocatoria del Ministerio de Agricultura, que financia proyectos de entidades que involucren a la poblaci\u00f3n femenina campesina.<\/p>\n<p>La C\u00e1mara de Comercio de C\u00facuta, la Unidad Administrativa para la Consolidaci\u00f3n Territorial, el Servicio Nacional de Aprendizaje (Sena) y alcald\u00edas se unieron a la Secretar\u00eda de Desarrollo Econ\u00f3mico para responder al llamado de la cartera.<\/p>\n<p>Mediante el trabajo articulado se\u00a0 unificaron esfuerzos, unidos con asociaciones y organizaciones que cumplieron con los requisitos exigidos dentro de los t\u00e9rminos de referencia de la invitaci\u00f3n p\u00fablica.<\/p>\n<p>El Ministerio, por medio de la Corporaci\u00f3n Colombia Internacional, ampli\u00f3 el plazo hasta el 7 de abril para la consulta de t\u00e9rminos de referencia. El cierre de la convocatoria para seleccionar y financiar proyectos que propongan instituciones de Mujeres Rurales orientadas a la generaci\u00f3n de ingresos y empleos ser\u00e1 el 8 de abril.<\/p>\n<p>La ampliaci\u00f3n se aprovechar\u00e1 para revisar las 14 propuestas que presentar\u00e1 el departamento. El objetivo ser\u00e1 mejorar la calidad de vida y reducir la brecha, en t\u00e9rminos de acceso a las oportunidades de emprendimiento individual o colectivo.<\/p>\n<p>&nbsp; <\/p>\n","protected":false},"excerpt":{"rendered":"<p>C\u00daCUTA.- Catorce\u00a0 propuestas que beneficiar\u00e1n\u00a0 a asociaciones y organizaciones de Mujeres Rurales de C\u00facuta, Gramalote, Toledo, Pamplona, Chitag\u00e1, El Carmen, El Tarra y Convenci\u00f3n quedaron definidas para inscribirse en la convocatoria del Ministerio de Agricultura, que financia proyectos de entidades que involucren a la poblaci\u00f3n femenina campesina. La C\u00e1mara de Comercio de C\u00facuta, la Unidad &hellip;<\/p>\n","protected":false},"author":1,"featured_media":16913,"comment_status":"open","ping_status":"open","sticky":false,"template":"","format":"standard","meta":{"footnotes":""},"categories":[32],"tags":[],"class_list":["post-16912","post","type-post","status-publish","format-standard","has-post-thumbnail","hentry","category-recorrido-por-la-region"],"_links":{"self":[{"href":"https:\/\/contraluzcucuta.co\/index.php?rest_route=\/wp\/v2\/posts\/16912","targetHints":{"allow":["GET"]}}],"collection":[{"href":"https:\/\/contraluzcucuta.co\/index.php?rest_route=\/wp\/v2\/posts"}],"about":[{"href":"https:\/\/contraluzcucuta.co\/index.php?rest_route=\/wp\/v2\/types\/post"}],"author":[{"embeddable":true,"href":"https:\/\/contraluzcucuta.co\/index.php?rest_route=\/wp\/v2\/users\/1"}],"replies":[{"embeddable":true,"href":"https:\/\/contraluzcucuta.co\/index.php?rest_route=%2Fwp%2Fv2%2Fcomments&post=16912"}],"version-history":[{"count":3,"href":"https:\/\/contraluzcucuta.co\/index.php?rest_route=\/wp\/v2\/posts\/16912\/revisions"}],"predecessor-version":[{"id":16917,"href":"https:\/\/contraluzcucuta.co\/index.php?rest_route=\/wp\/v2\/posts\/16912\/revisions\/16917"}],"wp:featuredmedia":[{"embeddable":true,"href":"https:\/\/contraluzcucuta.co\/index.php?rest_route=\/wp\/v2\/media\/16913"}],"wp:attachment":[{"href":"https:\/\/contraluzcucuta.co\/index.php?rest_route=%2Fwp%2Fv2%2Fmedia&parent=16912"}],"wp:term":[{"taxonomy":"category","embeddable":true,"href":"https:\/\/contraluzcucuta.co\/index.php?rest_route=%2Fwp%2Fv2%2Fcategories&post=16912"},{"taxonomy":"post_tag","embeddable":true,"href":"https:\/\/contraluzcucuta.co\/index.php?rest_route=%2Fwp%2Fv2%2Ftags&post=16912"}],"curies":[{"name":"wp","href":"https:\/\/api.w.org\/{rel}","templated":true}]}}