{"id":16907,"date":"2013-04-02T00:34:46","date_gmt":"2013-04-02T05:34:46","guid":{"rendered":"http:\/\/contraluzcucuta.co\/?p=16907"},"modified":"2013-04-02T00:34:52","modified_gmt":"2013-04-02T05:34:52","slug":"copa-davis-nueva-experiencia-para-los-cucutenos","status":"publish","type":"post","link":"https:\/\/contraluzcucuta.co\/?p=16907","title":{"rendered":"Copa Davis, nueva experiencia para los cucute\u00f1os"},"content":{"rendered":"<p><b>C\u00daCUTA.-<\/b> Los cucute\u00f1os est\u00e1n listos para vivir otra experiencia deportiva nueva. Del 5 al 7 de abril, se disputar\u00e1 en la ciudad la final de la Zona I Americana de la Copa Davis, que enfrentar\u00e1 a Colombia y Uruguay. Los partidos se jugar\u00e1n \u00a0en el complejo deportivo Fabiola Zuluaga, contiguo al coliseo menor Eustorgio Colmenares.<\/p>\n<p>El torneo se ver\u00e1 engalanado con la presencia de las figuras del deporte blanco colombiano. Alejandro Falla, Santiago Giraldo, Robert Farah y Juan Sebasti\u00e1n Cabal, acompa\u00f1ados por el capit\u00e1n Mauricio Hadad, ser\u00e1n los encargados de hacer vivir esta experiencia a los habitantes del \u00e1rea fronteriza.<\/p>\n<p>Los resultados obtenidos en los \u00faltimos a\u00f1os por los deportistas,\u00a0 hacen que Colombia tenga la oportunidad por primera vez de hacer historia en un torneo internacional.<\/p>\n<p>Seg\u00fan los organizadores, esta es la s\u00e9ptima vez que de manera consecutiva el equipo nacional busca asiento en el privilegiado Grupo Mundial, compuesto por las mejores 16 selecciones.<\/p>\n<p>Colombia alcanz\u00f3 la final del Grupo Zonal Americano en 1974 y 1981. En el 2010, jug\u00f3 por primera vez las eliminatorias del grupo mundial contra Estados Unidos.<\/p>\n<p>Colombia y Uruguay est\u00e1n empatados a seis juegos. Las series han sido en canchas de arcilla. El primer partido ocurri\u00f3 en 1970, en Bogot\u00e1. \u00a0Uruguay derrot\u00f3 (5 \u2013 0) a los anfitriones. La \u00faltima confrontaci\u00f3n sucedi\u00f3 en el 2011, en Montevideo, en la primera ronda del grupo 1. Colombia gan\u00f3 4-1.<\/p>\n<p>Parte de los integrantes de las dos selecciones est\u00e1n en la ciudad. El escenario est\u00e1 preparado y solo se espera que inicie a final.<\/p>\n<p>\u201cQueremos invitar a todos los ni\u00f1os, j\u00f3venes y adultos para que asistan de manera gratuita a este importante evento en donde estar\u00e1n las mejores raquetas nacionales\u201d, dijo el alcalde Donamaris Ram\u00edrez.<\/p>\n<p>Los organizadores del certamen manifestaron que el mi\u00e9rcoles, a las 8:30 de la ma\u00f1ana, se llevar\u00e1 a cabo la jornada de capacitaci\u00f3n para \u00a0periodistas. La cita se cumplir\u00e1 en la Torre del Reloj. Los dos equipos ofrecer\u00e1n una rueda de prensa, a partir de las 11:30 de la ma\u00f1ana.<\/p>\n<p>El jueves, en el complejo ten\u00edstico, se har\u00e1 el sorteo que definir\u00e1 el orden de los cuatro partidos que se disputar\u00e1n de viernes a domingo. <\/p>\n","protected":false},"excerpt":{"rendered":"<p>C\u00daCUTA.- Los cucute\u00f1os est\u00e1n listos para vivir otra experiencia deportiva nueva. Del 5 al 7 de abril, se disputar\u00e1 en la ciudad la final de la Zona I Americana de la Copa Davis, que enfrentar\u00e1 a Colombia y Uruguay. Los partidos se jugar\u00e1n \u00a0en el complejo deportivo Fabiola Zuluaga, contiguo al coliseo menor Eustorgio Colmenares. &hellip;<\/p>\n","protected":false},"author":1,"featured_media":16908,"comment_status":"open","ping_status":"open","sticky":false,"template":"","format":"standard","meta":{"footnotes":""},"categories":[28],"tags":[],"class_list":["post-16907","post","type-post","status-publish","format-standard","has-post-thumbnail","hentry","category-vistazo-deportivo"],"_links":{"self":[{"href":"https:\/\/contraluzcucuta.co\/index.php?rest_route=\/wp\/v2\/posts\/16907","targetHints":{"allow":["GET"]}}],"collection":[{"href":"https:\/\/contraluzcucuta.co\/index.php?rest_route=\/wp\/v2\/posts"}],"about":[{"href":"https:\/\/contraluzcucuta.co\/index.php?rest_route=\/wp\/v2\/types\/post"}],"author":[{"embeddable":true,"href":"https:\/\/contraluzcucuta.co\/index.php?rest_route=\/wp\/v2\/users\/1"}],"replies":[{"embeddable":true,"href":"https:\/\/contraluzcucuta.co\/index.php?rest_route=%2Fwp%2Fv2%2Fcomments&post=16907"}],"version-history":[{"count":3,"href":"https:\/\/contraluzcucuta.co\/index.php?rest_route=\/wp\/v2\/posts\/16907\/revisions"}],"predecessor-version":[{"id":16911,"href":"https:\/\/contraluzcucuta.co\/index.php?rest_route=\/wp\/v2\/posts\/16907\/revisions\/16911"}],"wp:featuredmedia":[{"embeddable":true,"href":"https:\/\/contraluzcucuta.co\/index.php?rest_route=\/wp\/v2\/media\/16908"}],"wp:attachment":[{"href":"https:\/\/contraluzcucuta.co\/index.php?rest_route=%2Fwp%2Fv2%2Fmedia&parent=16907"}],"wp:term":[{"taxonomy":"category","embeddable":true,"href":"https:\/\/contraluzcucuta.co\/index.php?rest_route=%2Fwp%2Fv2%2Fcategories&post=16907"},{"taxonomy":"post_tag","embeddable":true,"href":"https:\/\/contraluzcucuta.co\/index.php?rest_route=%2Fwp%2Fv2%2Ftags&post=16907"}],"curies":[{"name":"wp","href":"https:\/\/api.w.org\/{rel}","templated":true}]}}