{"id":16902,"date":"2013-04-02T00:26:19","date_gmt":"2013-04-02T05:26:19","guid":{"rendered":"http:\/\/contraluzcucuta.co\/?p=16902"},"modified":"2013-04-02T00:26:28","modified_gmt":"2013-04-02T05:26:28","slug":"los-semaforos-de-cucuta-estan-obsoletos","status":"publish","type":"post","link":"https:\/\/contraluzcucuta.co\/?p=16902","title":{"rendered":"Los sem\u00e1foros de C\u00facuta est\u00e1n obsoletos"},"content":{"rendered":"<p><b>C\u00daCUTA.-<\/b> El sistema de semaforizaci\u00f3n de la ciudad es obsoleto y a\u00fan funciona con disquete y con tarjetas de computadores que cumplieron la vida \u00fatil. Ayer, en las horas pico, los conductores soportaron el caos que provoca la salida de funcionamiento de los aparatos.<\/p>\n<p>En el centro cucute\u00f1o se juntaron el desespero de los choferes, los pitos de los carros, los sem\u00e1foros da\u00f1ados, el af\u00e1n de los peatones y la falta de agentes de Tr\u00e1nsito para darles paso al desorden, el estr\u00e9s y la incomodidad de los atascos vehiculares.<\/p>\n<p>La administraci\u00f3n municipal tiene como meta renovar la red de sem\u00e1foros, necesaria para la agilizar el tr\u00e1nsito de C\u00facuta.<\/p>\n<p>El primero de abril, con el \u00e1nimo de mejorar la circulaci\u00f3n de los automotores, comenz\u00f3 a regir \u00a0el \u2018pico y placa\u2019 en la ciudad. Hasta el 14, ser\u00e1 manejado mediante comparendos pedag\u00f3gicos para quienes infrinjan la norma.<\/p>\n<p>A partir del 15 comenzar\u00e1 a imponerse las multas para quienes desobedezcan \u00a0el pico y placa. En el primer d\u00eda de la norma, la Secretar\u00eda de Tr\u00e1nsito report\u00f3 que no hubo necesidad de expedir comparentos.<\/p>\n<p>\u201cEstamos creando conciencia ciudadana, sabemos que es un proceso largo, pero vamos paso a paso\u201d, se\u00f1al\u00f3 el alcalde Donamaris Ram\u00edrez. <\/p>\n","protected":false},"excerpt":{"rendered":"<p>C\u00daCUTA.- El sistema de semaforizaci\u00f3n de la ciudad es obsoleto y a\u00fan funciona con disquete y con tarjetas de computadores que cumplieron la vida \u00fatil. Ayer, en las horas pico, los conductores soportaron el caos que provoca la salida de funcionamiento de los aparatos. En el centro cucute\u00f1o se juntaron el desespero de los choferes, &hellip;<\/p>\n","protected":false},"author":1,"featured_media":16903,"comment_status":"open","ping_status":"open","sticky":false,"template":"","format":"standard","meta":{"footnotes":""},"categories":[6],"tags":[],"class_list":["post-16902","post","type-post","status-publish","format-standard","has-post-thumbnail","hentry","category-ojo-avizor"],"_links":{"self":[{"href":"https:\/\/contraluzcucuta.co\/index.php?rest_route=\/wp\/v2\/posts\/16902","targetHints":{"allow":["GET"]}}],"collection":[{"href":"https:\/\/contraluzcucuta.co\/index.php?rest_route=\/wp\/v2\/posts"}],"about":[{"href":"https:\/\/contraluzcucuta.co\/index.php?rest_route=\/wp\/v2\/types\/post"}],"author":[{"embeddable":true,"href":"https:\/\/contraluzcucuta.co\/index.php?rest_route=\/wp\/v2\/users\/1"}],"replies":[{"embeddable":true,"href":"https:\/\/contraluzcucuta.co\/index.php?rest_route=%2Fwp%2Fv2%2Fcomments&post=16902"}],"version-history":[{"count":3,"href":"https:\/\/contraluzcucuta.co\/index.php?rest_route=\/wp\/v2\/posts\/16902\/revisions"}],"predecessor-version":[{"id":16906,"href":"https:\/\/contraluzcucuta.co\/index.php?rest_route=\/wp\/v2\/posts\/16902\/revisions\/16906"}],"wp:featuredmedia":[{"embeddable":true,"href":"https:\/\/contraluzcucuta.co\/index.php?rest_route=\/wp\/v2\/media\/16903"}],"wp:attachment":[{"href":"https:\/\/contraluzcucuta.co\/index.php?rest_route=%2Fwp%2Fv2%2Fmedia&parent=16902"}],"wp:term":[{"taxonomy":"category","embeddable":true,"href":"https:\/\/contraluzcucuta.co\/index.php?rest_route=%2Fwp%2Fv2%2Fcategories&post=16902"},{"taxonomy":"post_tag","embeddable":true,"href":"https:\/\/contraluzcucuta.co\/index.php?rest_route=%2Fwp%2Fv2%2Ftags&post=16902"}],"curies":[{"name":"wp","href":"https:\/\/api.w.org\/{rel}","templated":true}]}}