{"id":16899,"date":"2013-03-31T22:25:31","date_gmt":"2013-04-01T03:25:31","guid":{"rendered":"http:\/\/contraluzcucuta.co\/?p=16899"},"modified":"2013-03-31T22:25:31","modified_gmt":"2013-04-01T03:25:31","slug":"vuelve-el-pico-y-placa-en-cucuta","status":"publish","type":"post","link":"https:\/\/contraluzcucuta.co\/?p=16899","title":{"rendered":"Vuelve el \u2018pico y placa\u2019 en C\u00facuta"},"content":{"rendered":"<p><b>C\u00daCUTA.-<\/b> A partir del 1 de abril, se reiniciar\u00e1 la medida del \u2018pico y placa\u2019 en C\u00facuta por determinaci\u00f3n del alcalde Donamaris Ram\u00edrez. La implementaci\u00f3n de la disposici\u00f3n est\u00e1 contenida en el Decreto 0211 del 15 de marzo.<\/p>\n<p>La primera parte del proyecto contempla la etapa pedag\u00f3gica que culminar\u00e9 el 14 de abril. El 15, se aplicar\u00e1n las sanciones a los infractores.<\/p>\n<p>El Decreto \u00a0contempla que:<\/p>\n<p>1.- La circulaci\u00f3n ser\u00e1 restringida en las v\u00edas de la Diagonal Santander desde la glorieta de la Terminal (monumento del Indio Motil\u00f3n) hasta llegar al cruce que conduce a la Avenida Los Libertadores (centro de negocios Ventura Reservado), Avenida Los Libertadores desde el cruce Diagonal Santander sentido norte- sur hasta la calle 17 (barrio Libertadores), calle 17 desde la avenida 10 con sentido occidente-oriente hasta la Avenida Los Libertadores, avenida 10 desde la calle 17 sentido sur-norte hasta la calle 0, calle 0 desde la avenida 10 hacia la avenida 8, avenida 8 desde la Glorieta el Terminal sentido norte \u2013 sur hasta la calle 0.<\/p>\n<p>2.- Las placas corresponder\u00e1n a los d\u00edas as\u00ed:<\/p>\n<div align=\"center\">\n<table width=\"325\" border=\"1\" cellspacing=\"0\" cellpadding=\"0\">\n<tbody>\n<tr>\n<td valign=\"top\" width=\"325\">7:00 de la ma\u00f1ana a 7:00 de la noche<\/td>\n<\/tr>\n<\/tbody>\n<\/table>\n<\/div>\n<p>&nbsp;<\/p>\n<table border=\"1\" cellspacing=\"0\" cellpadding=\"0\">\n<tbody>\n<tr>\n<td valign=\"top\" width=\"299\">D\u00eda de aplicaci\u00f3n de la restricci\u00f3n<\/td>\n<td valign=\"top\" width=\"299\">\u00daltimos d\u00edgitos num\u00e9ricos de placa<\/td>\n<\/tr>\n<tr>\n<td valign=\"top\" width=\"299\">Lunes<\/td>\n<td valign=\"top\" width=\"299\">1 y 2<\/td>\n<\/tr>\n<tr>\n<td valign=\"top\" width=\"299\">Martes<\/td>\n<td valign=\"top\" width=\"299\">3 y 4<\/td>\n<\/tr>\n<tr>\n<td valign=\"top\" width=\"299\">Mi\u00e9rcoles<\/td>\n<td valign=\"top\" width=\"299\">5 y 6<\/td>\n<\/tr>\n<tr>\n<td valign=\"top\" width=\"299\">Jueves<\/td>\n<td valign=\"top\" width=\"299\">7 y 8<\/td>\n<\/tr>\n<tr>\n<td valign=\"top\" width=\"299\">Viernes<\/td>\n<td valign=\"top\" width=\"299\">9 y 0<\/td>\n<\/tr>\n<\/tbody>\n<\/table>\n<p>&nbsp; <\/p>\n","protected":false},"excerpt":{"rendered":"<p>C\u00daCUTA.- A partir del 1 de abril, se reiniciar\u00e1 la medida del \u2018pico y placa\u2019 en C\u00facuta por determinaci\u00f3n del alcalde Donamaris Ram\u00edrez. La implementaci\u00f3n de la disposici\u00f3n est\u00e1 contenida en el Decreto 0211 del 15 de marzo. La primera parte del proyecto contempla la etapa pedag\u00f3gica que culminar\u00e9 el 14 de abril. El 15, &hellip;<\/p>\n","protected":false},"author":1,"featured_media":16900,"comment_status":"open","ping_status":"open","sticky":false,"template":"","format":"standard","meta":{"footnotes":""},"categories":[541,4],"tags":[319],"class_list":["post-16899","post","type-post","status-publish","format-standard","has-post-thumbnail","hentry","category-ciudad","category-barra","tag-pico-y-placa"],"_links":{"self":[{"href":"https:\/\/contraluzcucuta.co\/index.php?rest_route=\/wp\/v2\/posts\/16899","targetHints":{"allow":["GET"]}}],"collection":[{"href":"https:\/\/contraluzcucuta.co\/index.php?rest_route=\/wp\/v2\/posts"}],"about":[{"href":"https:\/\/contraluzcucuta.co\/index.php?rest_route=\/wp\/v2\/types\/post"}],"author":[{"embeddable":true,"href":"https:\/\/contraluzcucuta.co\/index.php?rest_route=\/wp\/v2\/users\/1"}],"replies":[{"embeddable":true,"href":"https:\/\/contraluzcucuta.co\/index.php?rest_route=%2Fwp%2Fv2%2Fcomments&post=16899"}],"version-history":[{"count":1,"href":"https:\/\/contraluzcucuta.co\/index.php?rest_route=\/wp\/v2\/posts\/16899\/revisions"}],"predecessor-version":[{"id":16901,"href":"https:\/\/contraluzcucuta.co\/index.php?rest_route=\/wp\/v2\/posts\/16899\/revisions\/16901"}],"wp:featuredmedia":[{"embeddable":true,"href":"https:\/\/contraluzcucuta.co\/index.php?rest_route=\/wp\/v2\/media\/16900"}],"wp:attachment":[{"href":"https:\/\/contraluzcucuta.co\/index.php?rest_route=%2Fwp%2Fv2%2Fmedia&parent=16899"}],"wp:term":[{"taxonomy":"category","embeddable":true,"href":"https:\/\/contraluzcucuta.co\/index.php?rest_route=%2Fwp%2Fv2%2Fcategories&post=16899"},{"taxonomy":"post_tag","embeddable":true,"href":"https:\/\/contraluzcucuta.co\/index.php?rest_route=%2Fwp%2Fv2%2Ftags&post=16899"}],"curies":[{"name":"wp","href":"https:\/\/api.w.org\/{rel}","templated":true}]}}