{"id":16896,"date":"2013-03-31T22:05:48","date_gmt":"2013-04-01T03:05:48","guid":{"rendered":"http:\/\/contraluzcucuta.co\/?p=16896"},"modified":"2013-03-31T22:05:48","modified_gmt":"2013-04-01T03:05:48","slug":"horacio-serpa-disertara-sobre-los-conflictos-de-paz-en-colombia","status":"publish","type":"post","link":"https:\/\/contraluzcucuta.co\/?p=16896","title":{"rendered":"Horacio Serpa disertar\u00e1 sobre los conflictos de paz en Colombia"},"content":{"rendered":"<p><b>C\u00daCUTA.-<\/b> El programa cultural el Cinco a las Cinco traer\u00e1, en abril, al excandidato presidencial Horacio Serpa Uribe para que hable acerca de los procesos de paz en Colombia.<\/p>\n<p>El abogado, pol\u00edtico, docente universitario, exconstituyente y exgobernador de Santander ofrecer\u00e1 la conferencia el 5 de abril, a las 5:00 de la tarde, en el auditorio principal de la C\u00e1mara de Comercio de C\u00facuta. La entrada ser\u00e1 gratis.<\/p>\n<p>Serpa Uribe visit\u00f3 la ciudad el 9 de febrero, con ocasi\u00f3n de la celebraci\u00f3n del D\u00eda Nacional del Periodista. En ese momento fue invitado por el C\u00edrculo de Periodistas y Comunicadores de Norte de Santander.<\/p>\n<p>\u201cLa violencia no nos estremece sino en ciertas oportunidades. No hemos evaluado cu\u00e1nto nos han costado todas las guerras, y la \u00faltima maldita guerra que nos sirvi\u00f3 a nosotros, despu\u00e9s de esa guerra atroz de la pol\u00edtica entre liberales y conservadores mat\u00e1ndose en todas partes, viene de la subversi\u00f3n\u201d, dijo en ese momento.<\/p>\n<p>Reconoci\u00f3 que en los ocho a\u00f1os de gobierno de \u00c1lvaro Uribe se asumi\u00f3 la consideraci\u00f3n de confrontar a la guerrilla a muerte, porque la guerra es a muerte. En esa \u00e9poca, dijo, \u201cse lograron importantes resultados, y eso hay que reconoc\u00e9rselo\u201d.<\/p>\n<p>Acerca del \u00faltimo proceso de paz, que tiene a los negociadores en La Habana, sostuvo que \u201cel doctor (Juan Manuel) Santos, que no es ning\u00fan bobo, encontr\u00f3 una posibilidad y abri\u00f3 un proceso de paz con las Farc\u201d. Se\u00f1al\u00f3 que ser\u00e1 dif\u00edcil, porque en esto de la guerra y la paz todos tienen una opini\u00f3n que puede ser acertada. \u201cSi se est\u00e1 tratando de hacer la paz c\u00f3mo no apoyar el proceso, si eso produce un resultado positivo. Yo, soy de los que tiene confianza, de los que tiene optimismo, soy optimista\u201d.<\/p>\n<p>Serpa Uribe particip\u00f3 en los di\u00e1logos malogrados de Tlaxcala (M\u00e9xico) y luego en El Cagu\u00e1n. \u201cEn Caracas, con la Coordinadora Guerrillera, se estuvieron 11 meses hablando para hacer un cese al fuego bilateral, y no fue posible. Eso es muy dif\u00edcil. Adem\u00e1s, al que menos le conviene es a lo institucional. Hablen ustedes de un cese al fuego unilateral a las fuerzas militar y policial y ver\u00e1n que dicen que no\u201d.<\/p>\n<p>Record\u00f3 que ese proceso fracas\u00f3 porque \u201cno fuimos capaces de comprender en qu\u00e9 consist\u00eda negociar en medio del conflicto. Ustedes recuerdan que se present\u00f3 un caso lamentable, del secuestro del doctor Argelino Dur\u00e1n, nortesantandereano como ustedes, y finalmente hubo la suspensi\u00f3n de ese proceso\u201d.<\/p>\n<p>En torno al final del conflicto dijo que se alcanzar\u00e1 si \u201csomos capaces de lograr que la guerrilla de las Farc y del Eln digan \u2018entregamos las armas, renunciamos al poder por medio de la violencia y queremos reintegrarnos a la vida democr\u00e1tica\u2019\u201d.<\/p>\n<p>&nbsp;<\/p>\n<p>&nbsp; <\/p>\n","protected":false},"excerpt":{"rendered":"<p>C\u00daCUTA.- El programa cultural el Cinco a las Cinco traer\u00e1, en abril, al excandidato presidencial Horacio Serpa Uribe para que hable acerca de los procesos de paz en Colombia. El abogado, pol\u00edtico, docente universitario, exconstituyente y exgobernador de Santander ofrecer\u00e1 la conferencia el 5 de abril, a las 5:00 de la tarde, en el auditorio &hellip;<\/p>\n","protected":false},"author":1,"featured_media":16897,"comment_status":"open","ping_status":"open","sticky":false,"template":"","format":"standard","meta":{"footnotes":""},"categories":[4,9],"tags":[616],"class_list":["post-16896","post","type-post","status-publish","format-standard","has-post-thumbnail","hentry","category-barra","category-politica","tag-horacio-serpa-uribe"],"_links":{"self":[{"href":"https:\/\/contraluzcucuta.co\/index.php?rest_route=\/wp\/v2\/posts\/16896","targetHints":{"allow":["GET"]}}],"collection":[{"href":"https:\/\/contraluzcucuta.co\/index.php?rest_route=\/wp\/v2\/posts"}],"about":[{"href":"https:\/\/contraluzcucuta.co\/index.php?rest_route=\/wp\/v2\/types\/post"}],"author":[{"embeddable":true,"href":"https:\/\/contraluzcucuta.co\/index.php?rest_route=\/wp\/v2\/users\/1"}],"replies":[{"embeddable":true,"href":"https:\/\/contraluzcucuta.co\/index.php?rest_route=%2Fwp%2Fv2%2Fcomments&post=16896"}],"version-history":[{"count":1,"href":"https:\/\/contraluzcucuta.co\/index.php?rest_route=\/wp\/v2\/posts\/16896\/revisions"}],"predecessor-version":[{"id":16898,"href":"https:\/\/contraluzcucuta.co\/index.php?rest_route=\/wp\/v2\/posts\/16896\/revisions\/16898"}],"wp:featuredmedia":[{"embeddable":true,"href":"https:\/\/contraluzcucuta.co\/index.php?rest_route=\/wp\/v2\/media\/16897"}],"wp:attachment":[{"href":"https:\/\/contraluzcucuta.co\/index.php?rest_route=%2Fwp%2Fv2%2Fmedia&parent=16896"}],"wp:term":[{"taxonomy":"category","embeddable":true,"href":"https:\/\/contraluzcucuta.co\/index.php?rest_route=%2Fwp%2Fv2%2Fcategories&post=16896"},{"taxonomy":"post_tag","embeddable":true,"href":"https:\/\/contraluzcucuta.co\/index.php?rest_route=%2Fwp%2Fv2%2Ftags&post=16896"}],"curies":[{"name":"wp","href":"https:\/\/api.w.org\/{rel}","templated":true}]}}