{"id":16893,"date":"2013-03-31T21:37:04","date_gmt":"2013-04-01T02:37:04","guid":{"rendered":"http:\/\/contraluzcucuta.co\/?p=16893"},"modified":"2013-03-31T21:37:04","modified_gmt":"2013-04-01T02:37:04","slug":"expira-la-era-sanguinetti-en-el-cucuta-deportivo","status":"publish","type":"post","link":"https:\/\/contraluzcucuta.co\/?p=16893","title":{"rendered":"\u00bfExpira la era Sanguinetti en el C\u00facuta Deportivo?"},"content":{"rendered":"<p><b>C\u00daCUTA.-<\/b> La historia quiere repetirse y los aficionados del C\u00facuta Deportivo se resisten a creerlo. En la temporada del 2012, el once motil\u00f3n entr\u00f3 con br\u00edos, gan\u00f3 15 puntos en l\u00ednea, se puso al tope de la clasificaci\u00f3n y se alej\u00f3 de las sombras tenebrosas del descenso.<\/p>\n<p>En esa ocasi\u00f3n ten\u00eda al estadio Santiago de las Atalayas, en Yopal (Casanare), como sede. Desde la lejan\u00eda los hinchas apoyaron al cuadro rojinegro y muchos viajaron hasta tierras llaneras para manifestarles el respaldo a los jugadores. La luna de miel exist\u00eda y las esperanzas de hacer un buen papel en el torneo arrancaban sonrisas a los seguidores del elenco fronterizo.<\/p>\n<p>El tiempo pas\u00f3, el equipo perdi\u00f3 el primer partido, luego otro, despu\u00e9s otro y termin\u00f3 el a\u00f1o con el rosario en la boca para no perder la categor\u00eda. Lleg\u00f3 un t\u00e9cnico poco conocido, retom\u00f3 lo que hab\u00eda, reorganiz\u00f3 la casa y en el repechaje contra Am\u00e9rica obtuvo la bendici\u00f3n para permanecer en la A.<\/p>\n<p>El salvador, Guillermo Sanguinetti, se ech\u00f3 a la afici\u00f3n al bolsillo y los mejores comentarios tuvieron como blanco al uruguayo. Los directivos le confiaron la n\u00f3mina, dejaron a los deportistas que seleccion\u00f3, licenciaron a los que no servir\u00edan para el proyecto y trajeron los pedidos por el entrenador.<\/p>\n<p>Temporada 2013. Ilusiones, esperanzas, suspiros y los deseos positivos para el profesor Sanguinetti y los muchachos. Primeras fechas y triunfos y empates hasta acumular 14 puntos y ponerse en la punta del campeonato. L\u00edder invicto. Sorprendente. Luego de disputar la promoci\u00f3n el equipo estaba en la cima del f\u00fatbol profesional colombiano.<\/p>\n<p>Han pasado cuatro partidos desde el \u00faltimo triunfo contra Tolima, en el minuto 93. Desde entonces, Hern\u00e1ndez no se ve en la porter\u00eda contraria, Mendoza no es el talism\u00e1n, Pati\u00f1o entra a raticos, Uribe se perdi\u00f3 en la banca, Soria se refundi\u00f3 entre los rivales y Bustos no cobra un tiro libre.<\/p>\n<p>Dos encuentros de la Copa Colombia y dos de la Liga profesional ha perdido el C\u00facuta Deportivo en seguidilla. Ah\u00ed es donde est\u00e1n las alarmas. El terreno cedido en el grupo de los ocho elegidos para disputar la semifinal no importa mucho. Interesa, y en demas\u00eda, el campo desaprovechado en la tabla del descenso.<\/p>\n<p>De nuevo la sufridera por ese fantasma que asusta y que tiene a muchos equipos de la A en la B sin tener c\u00f3mo resurgir de ese callej\u00f3n que los motilones conocen al dedillo porque lo recorrieron durante 10 a\u00f1os.<\/p>\n<p>El partido de este 31 de marzo, contra Equidad para m\u00e1s se\u00f1as, es la demostraci\u00f3n fehaciente del mal momento que afronta el club. En medio de este barullo que desata una derrota se plantean varios interrogantes<\/p>\n<p>1.- \u00bfSer\u00e1 que les cay\u00f3 mal el nuevo presidente Antonio Manrique a los jugadores?<\/p>\n<p>2.- \u00bfSer\u00e1 que se molestaron, porque de los $ 1300\u00a0 millones que vieron llegar a las arcas del equipo no les giraron lo correspondiente a sueldos y primas?<\/p>\n<p>3.- \u00bfSer\u00e1 que la nueva directiva los tiene relegados?<\/p>\n<p>4.- \u00bfSer\u00e1 que al t\u00e9cnico Sanguinetti se le acab\u00f3 el discurso para mantenerlos unidos?<\/p>\n<p>5.- \u00bfSer\u00e1 que se marchit\u00f3 el liderazgo a Jairo Pati\u00f1o?<\/p>\n<p>6.- \u00bfSer\u00e1 que Stiven Mendoza se agrand\u00f3 en el camerino?<\/p>\n<p>7.- \u00bfSer\u00e1 que comienza a extinguirse la era Sanguinetti?<\/p>\n<p>8.- \u00bfSer\u00e1 que las oraciones en grupo no son escuchadas en lo alto?<\/p>\n<p>9.- \u00bfSer\u00e1 que hay distracciones extras en la ciudad?<\/p>\n<p>10.- \u00bfSer\u00e1 que la escasa concurrencia al General Santander los afecta?<\/p>\n<p>&nbsp; <\/p>\n","protected":false},"excerpt":{"rendered":"<p>C\u00daCUTA.- La historia quiere repetirse y los aficionados del C\u00facuta Deportivo se resisten a creerlo. En la temporada del 2012, el once motil\u00f3n entr\u00f3 con br\u00edos, gan\u00f3 15 puntos en l\u00ednea, se puso al tope de la clasificaci\u00f3n y se alej\u00f3 de las sombras tenebrosas del descenso. En esa ocasi\u00f3n ten\u00eda al estadio Santiago de &hellip;<\/p>\n","protected":false},"author":1,"featured_media":16894,"comment_status":"open","ping_status":"open","sticky":false,"template":"","format":"standard","meta":{"footnotes":""},"categories":[28],"tags":[192,615],"class_list":["post-16893","post","type-post","status-publish","format-standard","has-post-thumbnail","hentry","category-vistazo-deportivo","tag-cucuta-deportivo","tag-guillermo-sanguinetti"],"_links":{"self":[{"href":"https:\/\/contraluzcucuta.co\/index.php?rest_route=\/wp\/v2\/posts\/16893","targetHints":{"allow":["GET"]}}],"collection":[{"href":"https:\/\/contraluzcucuta.co\/index.php?rest_route=\/wp\/v2\/posts"}],"about":[{"href":"https:\/\/contraluzcucuta.co\/index.php?rest_route=\/wp\/v2\/types\/post"}],"author":[{"embeddable":true,"href":"https:\/\/contraluzcucuta.co\/index.php?rest_route=\/wp\/v2\/users\/1"}],"replies":[{"embeddable":true,"href":"https:\/\/contraluzcucuta.co\/index.php?rest_route=%2Fwp%2Fv2%2Fcomments&post=16893"}],"version-history":[{"count":1,"href":"https:\/\/contraluzcucuta.co\/index.php?rest_route=\/wp\/v2\/posts\/16893\/revisions"}],"predecessor-version":[{"id":16895,"href":"https:\/\/contraluzcucuta.co\/index.php?rest_route=\/wp\/v2\/posts\/16893\/revisions\/16895"}],"wp:featuredmedia":[{"embeddable":true,"href":"https:\/\/contraluzcucuta.co\/index.php?rest_route=\/wp\/v2\/media\/16894"}],"wp:attachment":[{"href":"https:\/\/contraluzcucuta.co\/index.php?rest_route=%2Fwp%2Fv2%2Fmedia&parent=16893"}],"wp:term":[{"taxonomy":"category","embeddable":true,"href":"https:\/\/contraluzcucuta.co\/index.php?rest_route=%2Fwp%2Fv2%2Fcategories&post=16893"},{"taxonomy":"post_tag","embeddable":true,"href":"https:\/\/contraluzcucuta.co\/index.php?rest_route=%2Fwp%2Fv2%2Ftags&post=16893"}],"curies":[{"name":"wp","href":"https:\/\/api.w.org\/{rel}","templated":true}]}}