{"id":16890,"date":"2013-03-31T21:30:30","date_gmt":"2013-04-01T02:30:30","guid":{"rendered":"http:\/\/contraluzcucuta.co\/?p=16890"},"modified":"2013-04-25T16:13:55","modified_gmt":"2013-04-25T21:13:55","slug":"efemerides-cucutenas-abril-2","status":"publish","type":"post","link":"https:\/\/contraluzcucuta.co\/?p=16890","title":{"rendered":"EFEM\u00c9RIDES CUCUTE\u00d1AS &#8211; ABRIL"},"content":{"rendered":"<p>Hace 70 a\u00f1os: abril de 1943&#8230; (Tomadas del peri\u00f3dico Comentarios)<\/p>\n<p>3. El Acuerdo 9 de 1943, se uni\u00f3 a la celebraci\u00f3n del 150 aniversario de la iniciaci\u00f3n de vida municipal de C\u00facuta.<\/p>\n<p>5. Por la Resoluci\u00f3n 45 del 5 de abril de 1943, le concedieron la medalla al M\u00e9rito Ciudadano a Don Andr\u00e9s B. Fern\u00e1ndez<\/p>\n<p>9. El gobierno nacional orden\u00f3 la construcci\u00f3n de los Cuarteles de C\u00facuta.<\/p>\n<p>17. Velada cultural art\u00edstica en el teatro Guzm\u00e1n Berti, a beneficio de la construcci\u00f3n del estadio General Santander.<\/p>\n<p>&nbsp;<\/p>\n<p>Hace 60 a\u00f1os: abril de 1953\u2026 (Tomadas del peri\u00f3dico El Trabajo, interdiario)<\/p>\n<p>2. Tejicondor inaugur\u00f3 la sede en C\u00facuta. Avenida 5, calle 13 esquina. Benito Neira G\u00f3mez, gerente.<\/p>\n<p>11. Jos\u00e9 E. Abrajim, gerente del Ferrocarril de C\u00facuta, anunci\u00f3 la compra de dos locomotoras por 100.000 d\u00f3lares.<\/p>\n<p>11. La agrupaci\u00f3n vallenata\u00a0 de gran \u00e9xito nacional \u2018Vallenatos Kist\u2019, se present\u00f3 en la ciudad.<\/p>\n<p>19. Con el encuentro entre C\u00facuta Deportivo y Boca Juniors (Cali), inici\u00f3 el campeonato profesional de f\u00fatbol colombiano. Gan\u00f3 C\u00facuta 2-0.<\/p>\n<p>23. El gobierno venezolano inform\u00f3 la decisi\u00f3n de construir un hotel termal y tur\u00edstico en Ure\u00f1a (Venezuela).<\/p>\n<p>24. El sacerdote cucute\u00f1o Demetrio Mendoza fue nombrado \u2018Camarero Secreto\u2019 de su santidad Pio XII.<\/p>\n<p>&nbsp;<\/p>\n<p>Hace 50 a\u00f1os: abril de 1963&#8230; (Tomadas del peri\u00f3dico La Opini\u00f3n)<\/p>\n<p>7. El autolunch \u2018El Palacio\u2019 inaugur\u00f3 el servicio de helader\u00eda y restaurante. Bendijo las instalaciones el padre Daniel Jord\u00e1n. La orquesta de V\u00edctor Manuel Su\u00e1rez ameniz\u00f3 el acto.<\/p>\n<p>20. Las abogadas Luz Marina Prada Jaimes y Fanny J\u00e1uregui afirmaron en entrevista concedida a La Opini\u00f3n que \u2018el divorcio tendr\u00e1 repercusiones graves para la sociedad\u2019.<\/p>\n<p>21. El C\u00facuta Deportivo gole\u00f3 (5 a 0) a Deportes Tolima. Omar Verd\u00fan (3), Olaza y Hobberg fueron los anotadores<\/p>\n<p>24. El cucute\u00f1o Virgilio Barco Vargas fue designado Ministro de Agricultura por el presidente Guillermo Le\u00f3n Valencia.<\/p>\n<p>25. Fue organizado el cap\u00edtulo de la C\u00e1mara Junior en C\u00facuta. Presidente, Holger E. Vanegas; primer vicepresidente, Jos\u00e9 Neira Rey; segundo vicepresidente, Marcos C\u00e9sar Leiva; secretario, Jos\u00e9 Antonio Marcucci.<\/p>\n<p>&nbsp;<\/p>\n<p>Hace 45 a\u00f1os. abril de 1968\u2026 (Tomadas del peri\u00f3dico La Opini\u00f3n)<\/p>\n<p>2. Procedente de Bogot\u00e1, lleg\u00f3 el cantante del a\u00f1o Jes\u00fas Davis Quintana.<\/p>\n<p>4. Asesinado Martin Luther King<\/p>\n<p>9. Homenaje liberal a Jorge Eli\u00e9cer Gait\u00e1n en el barrio Alfonso L\u00f3pez, al cumplirse 20 a\u00f1os de los hechos tr\u00e1gicos.<\/p>\n<p>22. Samuel Hender Li\u00e9vano S\u00e1nchez, Secretario de Gobierno, fue encargado de la Gobernaci\u00f3n.<\/p>\n<p>23. Inaugurada la nueva sede del Comando del Grupo Maza. Fue el punto central de la celebraci\u00f3n de la fiesta de San Jorge, patrono de las armas de caballer\u00eda.<\/p>\n<p>&nbsp;<\/p>\n<p>Hace 40 a\u00f1os: abril de 1973\u2026 (Tomadas del peri\u00f3dico La Opini\u00f3n)<\/p>\n<p>5. Se estableci\u00f3 en la ciudad el canal TVN-5, de Venezuela. Director: Rub\u00e9n Osorio Canales.<\/p>\n<p>8. Falleci\u00f3 a los 92 a\u00f1os, el artista Pablo Picasso<\/p>\n<p>13. Problemas jur\u00eddicos en la construcci\u00f3n de \u2018Jardines de San Jos\u00e9\u2019, en Los Patios.<\/p>\n<p>15. David Hadad Salcedo, nombrado gobernador de Norte de Santander, en remplazo de Carlos P\u00e9rez Escalante, quien renunci\u00f3 para aspirar al Congreso. Se posesion\u00f3 el 27.<\/p>\n<p>25. Mar\u00eda Carmenza Arenas Abello se posesion\u00f3 como Jefa de la Divisi\u00f3n de Comercio Exterior de la Canciller\u00eda.<\/p>\n<p>27. Inaugurada la sede de la Liga Nortesantandereana de Lucha contra el C\u00e1ncer, frente al parque Col\u00f3n.<\/p>\n<p>28. Gustavo Ararat Negr\u00f3n, designado alcalde de C\u00facuta.<\/p>\n<p>&nbsp;<\/p>\n<p>Hace 30 a\u00f1os: abril de 1983\u2026 (Tomadas del peri\u00f3dico La Opini\u00f3n)<\/p>\n<p>1. Los cucute\u00f1os colaboraron con $ 3,0 millones, para los damnificados del terremoto de Popay\u00e1n, sucedido el 31 de marzo (Jueves Santo).<\/p>\n<p>8. 66 j\u00f3venes integraron la primera promoci\u00f3n de profesionales de la UFPS, en el a\u00f1o. En 20 a\u00f1os, la UFPS ha graduado a 1554 profesionales.<\/p>\n<p>13. Constituido el Club Rotario 3 de C\u00facuta. Presidente: David Bonells<\/p>\n<p>22. El ciclista nortesantandereano \u00c1lvaro Lozano, subcampe\u00f3n de la Vuelta a la Juventud, obtuvo el t\u00edtulo de Campe\u00f3n Nacional de Ruta. La competencia se disput\u00f3 en Neiva.<\/p>\n<p>&nbsp;<\/p>\n<p>Hace 25 a\u00f1os: abril de 1988\u2026 (Tomadas del peri\u00f3dico La Opini\u00f3n)<\/p>\n<p>5. Emergencia fiscal en C\u00facuta.<\/p>\n<p>7. D\u00eda Mundial sin Tabaco.<\/p>\n<p>9. 40 a\u00f1os del asesinato de Jorge Eli\u00e9cer Gait\u00e1n.<\/p>\n<p>19. Ecopetrol entreg\u00f3 dos buses al ICBF y a la UFPS.<\/p>\n<p>26. El dirigente liberal Rub\u00e9n Dar\u00edo Eslava fue nombrado Tesorero de Norte \u00a0de Santander.<\/p>\n<p>&nbsp;<\/p>\n<p>Hace 20 a\u00f1os: abril de 1993\u2026 (Tomadas del peri\u00f3dico La Opini\u00f3n)<\/p>\n<p>1. Despu\u00e9s de 13 meses de racionamiento energ\u00e9tico, los colombianos tendr\u00e1n pleno servicio de energ\u00eda a partir de la fecha.<\/p>\n<p>2. La d\u00e9cima cuarta etapa de la Vuelta a Colombia se cumpli\u00f3 entre Pamplona y San Crist\u00f3bal, sobre 126 kil\u00f3metros. Al d\u00eda siguiente se corri\u00f3 una contra reloj individual entre C\u00facuta y Chin\u00e1cota, 40,4 kil\u00f3metros.<\/p>\n<p>2. La empresa MonoBlock, filial de la multinacional Mercedes Benz, entreg\u00f3 el primer modelo de bus para el servicio urbano que se ensamblar\u00e1 en la ciudad a partir de mayo.<\/p>\n<p>8. Robado el campero Toyota cabinado, modelo 81, con placa ITE 716, de propiedad de monse\u00f1or Rub\u00e9n Salazar, Obispo de C\u00facuta.<\/p>\n<p>18. Inaugurada la planta de tratamiento del corregimiento Agua Clara.<\/p>\n<p>19. Instalado el Primer Consejo Departamental de Cultura. 21 artistas tienen asiento. David Bonells, principal directivo.<\/p>\n<p>20. Muri\u00f3 Cantinflas. Ten\u00eda 82 a\u00f1os.<\/p>\n<p>21. EmC\u00facuta entreg\u00f3 el contrato para la construcci\u00f3n del nuevo acueducto a la firma Sep\u00falveda Lozano por $ 2500 millones.<\/p>\n<p>&nbsp;<\/p>\n<p>Hace 10 a\u00f1os: abril de 2003\u2026 (Tomadas del peri\u00f3dico La Opini\u00f3n)<\/p>\n<p>1. Gilberto Santaella, elegido director del Comit\u00e9 Departamental de Cafeteros.<\/p>\n<p>6. Nuevo dise\u00f1o de la edici\u00f3n dominical de La Opini\u00f3n. Opinonet celebr\u00f3 5 a\u00f1os de vida. La W empez\u00f3 a sintonizarse en el dial 89.7 de C\u00facuta.<\/p>\n<p>8. 17 a\u00f1os despu\u00e9s, la Polic\u00eda regres\u00f3 a La Esperanza.<\/p>\n<p>9. La atleta cucute\u00f1a Arelis Qui\u00f1ones Granja obtuvo dos medallas de oro en lanzamiento de la bala y el disco, en el nacional disputado en Medell\u00edn.<\/p>\n<p>11. Ingelcom celebr\u00f3 10 a\u00f1os.<\/p>\n<p>15. La yudoca Johana Orozco Pallares consigui\u00f3 dos medallas de oro en el nacional mayores de Cali.<\/p>\n<p>23. Abri\u00f3 las puertas el Museo de la Casa de la Cultura de Los Patios.<\/p>\n<p>16. Inaugurado el CAI blindado en la glorieta del aeropuerto. Tuvo un costo de $60 millones.<\/p>\n<p>16. Comfanorte inaugur\u00f3 sede en Oca\u00f1a.<\/p>\n<p>29. Inaugurada la moderna sede de la Polic\u00eda en San Cayetano<\/p>\n<p>&nbsp;<\/p>\n<p>OTRAS EFEM\u00c9RIDES<\/p>\n<p>Hace 220 a\u00f1os. Abril 21 de 1793. Se dio lectura al bando promulgando el t\u00edtulo de \u2018Muy Noble, Valerosa y Leal Villa del Guasimal\u2019.<\/p>\n<p>Hace 128 a\u00f1os. Abril 23 de 1885. Batalla de Tasajero. Se enfrentaron las tropas conservadoras a \u00f3rdenes del general Vicente Villamizar y las liberales comandadas por el general Rogelio L\u00f3pez.<\/p>\n<p>Hace 126 a\u00f1os. Abril 21 de 1887. Aprobaci\u00f3n de los Estatutos de la Compa\u00f1\u00eda del Ferrocarril de C\u00facuta.<\/p>\n<p>Hace 109 a\u00f1os. Abril 4 de 1905. Por medio del Decreto 17, el Prefecto de la Provincia de C\u00facuta, Pedro M. Mej\u00eda, nombr\u00f3 Guardabosque Nacional de las regiones comprendidas entre Puerto Villamizar, r\u00edo Lora, Catatumbo y Guaramito al coronel Virgilio Barco.<\/p>\n<p>Hace 101 a\u00f1os. Abril 13 de 1912. El italiano Enrique Raffo inaugur\u00f3 el servicio urbano de autom\u00f3viles en la ciudad.<\/p>\n<p>Hace 100 a\u00f1os. Abril 25 de 1913. La Ordenanza 65 suprimi\u00f3 el Municipio de San Luis de C\u00facuta de la provincia de C\u00facuta y lo pas\u00f3 a formar parte de San Jos\u00e9 de C\u00facuta. Por el Acuerdo 25 del 14 de julio de 1913, San Luis deja de ser entidad municipal y pasa con linderos, propiedades y anexidades a ser parte de C\u00facuta, en calidad de corregimiento. El Acuerdo 28 del 30 de agosto de 1943, dispuso que el corregimiento San Luis pasara a ser el barrio San Luis de C\u00facuta, una vez ejecutadas las obras comprometidas\u00a0 en el Acuerdo.<\/p>\n<p>Hace 96 a\u00f1os. Abril 16 de 1917. El gobierno departamental sancion\u00f3 la Ordenanza 41, que dispuso la publicaci\u00f3n trimestral, por cuenta del departamento, del \u2018Bolet\u00edn de Estad\u00edstica\u2019.<\/p>\n<p>Hace 87 a\u00f1os. Abril 27 de 1926. Creada la Contralor\u00eda Departamental. Isidoro Duplat, primer Contralor.<\/p>\n<p>Hace 79 a\u00f1os. Abril 30 de 1934. Creado el Centro de Historia de Norte de Santander.<\/p>\n<p>Hace 65 a\u00f1os. Abril 9 de 1948. Desordenes p\u00fablicos generalizados por la muerte de Jorge Eli\u00e9cer Gait\u00e1n.<\/p>\n<p>Hace 63 a\u00f1os. Abril 11 de 1950. Se eligi\u00f3 la junta Pro-Hotel de Turismo (Tonchal\u00e1), presidida por el alcalde de C\u00facuta, Rafael Unda Ferrero.<\/p>\n<p>Hace 58 a\u00f1os. Abril 1 de 1955. La artista argentina Libertad Lamarque se present\u00f3 en el teatro Guzm\u00e1n Berti.<\/p>\n<p>&nbsp;<\/p>\n<p>A.\u00a0\u00a0\u00a0\u00a0\u00a0\u00a0\u00a0 Natalicios<\/p>\n<p>2 de abril 1792. 221 a\u00f1os. Francisco de Paula Santander<\/p>\n<p>4 de abril de 1888. 125 a\u00f1os. V\u00edctor M. Guerrero<\/p>\n<p>5 de abril de 1873. 140 a\u00f1os. Emilio Ferrero Troconnis<\/p>\n<p>7 de abril de 1926. 87 a\u00f1os. Jos\u00e9 Luis Acero Jord\u00e1n<\/p>\n<p>8 de abril de 1852. 161 a\u00f1os. Rudesindo Soto<\/p>\n<p>11 de abril de 1901. 112 a\u00f1os. Jos\u00e9 Manuel Villalobos<\/p>\n<p>12 de abril de 1878. 135 a\u00f1os. V\u00edctor Julio Cote Bautista<\/p>\n<p>18 de abril de 1945. 68 a\u00f1os. Leonor Duplat<\/p>\n<p>27 de abril de 1889. 124 a\u00f1os. Pedro Mar\u00eda Fuentes<\/p>\n<p>29 de abril de 1931. 82 a\u00f1os. Luis Ra\u00fal Rodr\u00edguez Lamus<\/p>\n<p>&nbsp;<\/p>\n<p>B.\u00a0\u00a0\u00a0\u00a0\u00a0\u00a0\u00a0 Fallecimientos<\/p>\n<p>4 de abril de 1932. 81 a\u00f1os. General Luis Morales Berti<\/p>\n<p>15 de abril de 1951. 62 a\u00f1os. Arturo Villamizar Berti<\/p>\n<p>22 de abril de 1927. 86 a\u00f1os. Julio P\u00e9rez Ferrero<\/p>\n<p>&nbsp;<\/p>\n<p><b>Hace 220 a\u00f1os<\/b><\/p>\n<p><b>Abril 21 de 1793<\/b><\/p>\n<p><b>Se dio lectura al bando promulgando el t\u00edtulo de \u2018Muy Noble, Valerosa y Leal Villa de San Jos\u00e9 del Guasimal\u2019.<\/b><\/p>\n<p>&nbsp;<\/p>\n","protected":false},"excerpt":{"rendered":"<p>Hace 70 a\u00f1os: abril de 1943&#8230; (Tomadas del peri\u00f3dico Comentarios) 3. El Acuerdo 9 de 1943, se uni\u00f3 a la celebraci\u00f3n del 150 aniversario de la iniciaci\u00f3n de vida municipal de C\u00facuta. 5. Por la Resoluci\u00f3n 45 del 5 de abril de 1943, le concedieron la medalla al M\u00e9rito Ciudadano a Don Andr\u00e9s B. Fern\u00e1ndez &hellip;<\/p>\n","protected":false},"author":1,"featured_media":16891,"comment_status":"open","ping_status":"open","sticky":false,"template":"","format":"standard","meta":{"footnotes":""},"categories":[403],"tags":[614],"class_list":["post-16890","post","type-post","status-publish","format-standard","has-post-thumbnail","hentry","category-efemerides","tag-efemerides-cucutenas"],"_links":{"self":[{"href":"https:\/\/contraluzcucuta.co\/index.php?rest_route=\/wp\/v2\/posts\/16890","targetHints":{"allow":["GET"]}}],"collection":[{"href":"https:\/\/contraluzcucuta.co\/index.php?rest_route=\/wp\/v2\/posts"}],"about":[{"href":"https:\/\/contraluzcucuta.co\/index.php?rest_route=\/wp\/v2\/types\/post"}],"author":[{"embeddable":true,"href":"https:\/\/contraluzcucuta.co\/index.php?rest_route=\/wp\/v2\/users\/1"}],"replies":[{"embeddable":true,"href":"https:\/\/contraluzcucuta.co\/index.php?rest_route=%2Fwp%2Fv2%2Fcomments&post=16890"}],"version-history":[{"count":3,"href":"https:\/\/contraluzcucuta.co\/index.php?rest_route=\/wp\/v2\/posts\/16890\/revisions"}],"predecessor-version":[{"id":17373,"href":"https:\/\/contraluzcucuta.co\/index.php?rest_route=\/wp\/v2\/posts\/16890\/revisions\/17373"}],"wp:featuredmedia":[{"embeddable":true,"href":"https:\/\/contraluzcucuta.co\/index.php?rest_route=\/wp\/v2\/media\/16891"}],"wp:attachment":[{"href":"https:\/\/contraluzcucuta.co\/index.php?rest_route=%2Fwp%2Fv2%2Fmedia&parent=16890"}],"wp:term":[{"taxonomy":"category","embeddable":true,"href":"https:\/\/contraluzcucuta.co\/index.php?rest_route=%2Fwp%2Fv2%2Fcategories&post=16890"},{"taxonomy":"post_tag","embeddable":true,"href":"https:\/\/contraluzcucuta.co\/index.php?rest_route=%2Fwp%2Fv2%2Ftags&post=16890"}],"curies":[{"name":"wp","href":"https:\/\/api.w.org\/{rel}","templated":true}]}}