{"id":16731,"date":"2013-03-15T16:12:02","date_gmt":"2013-03-15T21:12:02","guid":{"rendered":"http:\/\/contraluzcucuta.co\/?p=16731"},"modified":"2013-03-15T16:12:30","modified_gmt":"2013-03-15T21:12:30","slug":"festival-de-musica-sacra-recorrera-la-provincia-de-pamplona","status":"publish","type":"post","link":"https:\/\/contraluzcucuta.co\/?p=16731","title":{"rendered":"Festival de M\u00fasica Sacra recorrer\u00e1 la Provincia de Pamplona"},"content":{"rendered":"<p><b>PAMPLONA.-<\/b> El d\u00e9cimo primer Festival de M\u00fasica Sacra dejar\u00e1 este a\u00f1o los escenarios tradicionales en Pamplona y deleitar\u00e1 a los habitantes de C\u00e1cota, Pamplonita, Silos y Chin\u00e1cota.<\/p>\n<p>La decisi\u00f3n la tom\u00f3 la organizaci\u00f3n para permitir que los residentes en los municipios que componen la Provincia de pamplona participen en esta actividad religioso-cultural.<\/p>\n<p>El Festival forma parte de los actos previstos para la celebraci\u00f3n de la Semana Santa en la Ciudad Mitrada. En esta versi\u00f3n participar\u00e1n cuatro corales de Venezuela y la infantil de Marinilla (Antioquia), y de dos pianistas cubanos.<\/p>\n<p>En Pamplona, tambi\u00e9n, se har\u00e1n presentaciones en el Inpec, el Batall\u00f3n Garc\u00eda Rovira y el Asilo San Jos\u00e9. Al finalizar, se har\u00e1 un homenaje a las corales invitadas, en el Museo Religioso y de Arte Moderno Eduardo Ram\u00edrez Villamizar.<\/p>\n<p>En enero, la Arquidi\u00f3cesis de Nueva Pamplona y la administraci\u00f3n municipal preparan la programaci\u00f3n para hacer esta una de las semanas m\u00e1s importantes para el municipio, no s\u00f3lo por la historia sino por el valor cultural que tiene en la tradici\u00f3n religiosa y espiritual.<\/p>\n<p>Las im\u00e1genes, el fervor y el turismo han hecho alianza con el gobierno local, que se ha comprometido con diversos gremios y empresas locales para la celebraci\u00f3n.<\/p>\n<p>En materia de seguridad, Polic\u00eda coordinar\u00e1 el traslado de los invitados y el acompa\u00f1amiento y alojamiento de turistas. En el balance cultural aparecen proyectos que fortalecer\u00e1n la formaci\u00f3n \u00a0e incrementar\u00e1n el aprovechamiento y la recuperaci\u00f3n de recursos art\u00edsticos para la regi\u00f3n.<\/p>\n<p>En la preferia cultural, que vivir\u00e1 Pamplona en v\u00edsperas a las Fiestas de Independencia, resalta la recuperaci\u00f3n del Festival de Danzas Folcl\u00f3ricas del Departamento y el apoyo a las escuelas art\u00edsticas y de formaci\u00f3n locales.<\/p>\n<p>&nbsp;<\/p>\n<p>&nbsp; <\/p>\n","protected":false},"excerpt":{"rendered":"<p>PAMPLONA.- El d\u00e9cimo primer Festival de M\u00fasica Sacra dejar\u00e1 este a\u00f1o los escenarios tradicionales en Pamplona y deleitar\u00e1 a los habitantes de C\u00e1cota, Pamplonita, Silos y Chin\u00e1cota. La decisi\u00f3n la tom\u00f3 la organizaci\u00f3n para permitir que los residentes en los municipios que componen la Provincia de pamplona participen en esta actividad religioso-cultural. El Festival forma &hellip;<\/p>\n","protected":false},"author":1,"featured_media":16732,"comment_status":"open","ping_status":"open","sticky":false,"template":"","format":"standard","meta":{"footnotes":""},"categories":[37,32],"tags":[596],"class_list":["post-16731","post","type-post","status-publish","format-standard","has-post-thumbnail","hentry","category-paseo-cultural","category-recorrido-por-la-region","tag-semana-santa-en-pamplona"],"_links":{"self":[{"href":"https:\/\/contraluzcucuta.co\/index.php?rest_route=\/wp\/v2\/posts\/16731","targetHints":{"allow":["GET"]}}],"collection":[{"href":"https:\/\/contraluzcucuta.co\/index.php?rest_route=\/wp\/v2\/posts"}],"about":[{"href":"https:\/\/contraluzcucuta.co\/index.php?rest_route=\/wp\/v2\/types\/post"}],"author":[{"embeddable":true,"href":"https:\/\/contraluzcucuta.co\/index.php?rest_route=\/wp\/v2\/users\/1"}],"replies":[{"embeddable":true,"href":"https:\/\/contraluzcucuta.co\/index.php?rest_route=%2Fwp%2Fv2%2Fcomments&post=16731"}],"version-history":[{"count":2,"href":"https:\/\/contraluzcucuta.co\/index.php?rest_route=\/wp\/v2\/posts\/16731\/revisions"}],"predecessor-version":[{"id":16734,"href":"https:\/\/contraluzcucuta.co\/index.php?rest_route=\/wp\/v2\/posts\/16731\/revisions\/16734"}],"wp:featuredmedia":[{"embeddable":true,"href":"https:\/\/contraluzcucuta.co\/index.php?rest_route=\/wp\/v2\/media\/16732"}],"wp:attachment":[{"href":"https:\/\/contraluzcucuta.co\/index.php?rest_route=%2Fwp%2Fv2%2Fmedia&parent=16731"}],"wp:term":[{"taxonomy":"category","embeddable":true,"href":"https:\/\/contraluzcucuta.co\/index.php?rest_route=%2Fwp%2Fv2%2Fcategories&post=16731"},{"taxonomy":"post_tag","embeddable":true,"href":"https:\/\/contraluzcucuta.co\/index.php?rest_route=%2Fwp%2Fv2%2Ftags&post=16731"}],"curies":[{"name":"wp","href":"https:\/\/api.w.org\/{rel}","templated":true}]}}