{"id":16726,"date":"2013-03-15T15:42:18","date_gmt":"2013-03-15T20:42:18","guid":{"rendered":"http:\/\/contraluzcucuta.co\/?p=16726"},"modified":"2013-03-15T15:42:18","modified_gmt":"2013-03-15T20:42:18","slug":"copa-davis-los-tenistas-llegaran-a-cucuta-el-31-de-marzo","status":"publish","type":"post","link":"https:\/\/contraluzcucuta.co\/?p=16726","title":{"rendered":"Copa Davis. Los tenistas llegar\u00e1n a C\u00facuta el 31 de marzo"},"content":{"rendered":"<p><b>C\u00daCUTA.-<\/b> Los tenistas de Colombia y Uruguay que disputar\u00e1n la Copa Davis llegar\u00e1n a C\u00facuta el 31 de marzo. Empezar\u00e1n los entrenamientos el 1 de abril y\u00a0 el 5 de abril, a las 10:00 de la ma\u00f1ana, en el complejo ten\u00edstico \u2018Fabiola Zuluaga Amado\u2019 se dar\u00e1 inicio a la primera competencia.<\/p>\n<p>Esta es la primera vez que la capital de Norte de Santander es tenida en cuenta para un torneo de esta disciplina. La oportunidad se brinda luego del acondicionamiento de las canchas de tenis, en inmediaciones del coliseo menor \u2018Eustorgio Colmenares\u2019 con ocasi\u00f3n de los recientes Juegos Nacionales.<\/p>\n<p>El 2 de abril, con ocasi\u00f3n de la Copa Davis, los periodistas deportivos recibir\u00e1n capacitaci\u00f3n sobre fundamentaci\u00f3n y tecnicismo en tenis. Las inscripciones se llevar\u00e1n a cabo en la oficina de prensa del Instituto de Deportes de Norte de Santander. El cierre de inscripciones ser\u00e1 el 22 de marzo, a las 6:00 de la tarde. El lugar de la actividad se definir\u00e1 en el trascurso de los d\u00edas.<\/p>\n<p>El comit\u00e9 local de la Copa Davis Colombia &#8211; Uruguay, encabezado por el gobernador Edgar D\u00edaz, y el secretario general Gregorio Angarita, decidi\u00f3 que el nombre oficial del seleccionado colombiano ser\u00e1 Equipo de Colombia Copa Davis Gobernaci\u00f3n Norte de Santander.<\/p>\n<p>Los miembros del grupo de trabajo socializaron y ultimaron detalles sobre la organizaci\u00f3n y el desarrollo del certamen deportivo. El Gobernador resalt\u00f3 la importancia de la serie en la regi\u00f3n, el compromiso y la entrega que la organizaci\u00f3n local tiene para el \u00e9xito.<\/p>\n<p>El Comit\u00e9 lo complementan:<\/p>\n<p>1.- Carlos Ortiz, Gerente Copa Davis<\/p>\n<p>2.- Alberto Zarate, Coordinador regional de Copa Davis<\/p>\n<p>3.- Lucy Ur\u00f3n Rinc\u00f3n, Alta Consejera en planes, programas y proyectos especiales<\/p>\n<p>4.- Jaime Tenjo, asesor<\/p>\n<p>5.- Martha Mar\u00eda Reyes, directora de Indenorte<\/p>\n<p>6.- Jairo Cepeda, jefe de prensa de la Gobernaci\u00f3n<\/p>\n<p>7.- Eliana Mu\u00f1oz, jefa de protocolo del departamento<\/p>\n<p>8.- Mar\u00eda Olanda Castellanos, Jefa de la oficina t\u00e9cnica de Indenorte<\/p>\n<p>9.- N\u00e9stor Rey Mel\u00e9ndez, t\u00e9cnico de Indenorte<\/p>\n<p>10.- Ana Guti\u00e9rrez, jefa de prensa de Indenorte<\/p>\n<p>11.- Uriel Montoya, coordinador t\u00e9cnico de la Liga Nortesantandereana de tenis<\/p>\n<p>12.- Juan Pablo L\u00f3nderos y Edwin Tarazona. <\/p>\n","protected":false},"excerpt":{"rendered":"<p>C\u00daCUTA.- Los tenistas de Colombia y Uruguay que disputar\u00e1n la Copa Davis llegar\u00e1n a C\u00facuta el 31 de marzo. Empezar\u00e1n los entrenamientos el 1 de abril y\u00a0 el 5 de abril, a las 10:00 de la ma\u00f1ana, en el complejo ten\u00edstico \u2018Fabiola Zuluaga Amado\u2019 se dar\u00e1 inicio a la primera competencia. Esta es la primera &hellip;<\/p>\n","protected":false},"author":1,"featured_media":16727,"comment_status":"open","ping_status":"open","sticky":false,"template":"","format":"standard","meta":{"footnotes":""},"categories":[28],"tags":[595],"class_list":["post-16726","post","type-post","status-publish","format-standard","has-post-thumbnail","hentry","category-vistazo-deportivo","tag-copa-davis-colombia-uruguay"],"_links":{"self":[{"href":"https:\/\/contraluzcucuta.co\/index.php?rest_route=\/wp\/v2\/posts\/16726","targetHints":{"allow":["GET"]}}],"collection":[{"href":"https:\/\/contraluzcucuta.co\/index.php?rest_route=\/wp\/v2\/posts"}],"about":[{"href":"https:\/\/contraluzcucuta.co\/index.php?rest_route=\/wp\/v2\/types\/post"}],"author":[{"embeddable":true,"href":"https:\/\/contraluzcucuta.co\/index.php?rest_route=\/wp\/v2\/users\/1"}],"replies":[{"embeddable":true,"href":"https:\/\/contraluzcucuta.co\/index.php?rest_route=%2Fwp%2Fv2%2Fcomments&post=16726"}],"version-history":[{"count":2,"href":"https:\/\/contraluzcucuta.co\/index.php?rest_route=\/wp\/v2\/posts\/16726\/revisions"}],"predecessor-version":[{"id":16729,"href":"https:\/\/contraluzcucuta.co\/index.php?rest_route=\/wp\/v2\/posts\/16726\/revisions\/16729"}],"wp:featuredmedia":[{"embeddable":true,"href":"https:\/\/contraluzcucuta.co\/index.php?rest_route=\/wp\/v2\/media\/16727"}],"wp:attachment":[{"href":"https:\/\/contraluzcucuta.co\/index.php?rest_route=%2Fwp%2Fv2%2Fmedia&parent=16726"}],"wp:term":[{"taxonomy":"category","embeddable":true,"href":"https:\/\/contraluzcucuta.co\/index.php?rest_route=%2Fwp%2Fv2%2Fcategories&post=16726"},{"taxonomy":"post_tag","embeddable":true,"href":"https:\/\/contraluzcucuta.co\/index.php?rest_route=%2Fwp%2Fv2%2Ftags&post=16726"}],"curies":[{"name":"wp","href":"https:\/\/api.w.org\/{rel}","templated":true}]}}