{"id":16722,"date":"2013-03-15T15:15:49","date_gmt":"2013-03-15T20:15:49","guid":{"rendered":"http:\/\/contraluzcucuta.co\/?p=16722"},"modified":"2013-03-15T15:15:49","modified_gmt":"2013-03-15T20:15:49","slug":"cucutenos-dieron-gracias-a-dios-por-papa-francisco","status":"publish","type":"post","link":"https:\/\/contraluzcucuta.co\/?p=16722","title":{"rendered":"Cucute\u00f1os dieron gracias a Dios por papa Francisco"},"content":{"rendered":"<p><b>C\u00daCUTA.-<\/b> Cientos de cucute\u00f1os oraron a Dios Padre y pidieron que pose su esp\u00edritu en el papa Francisco, quien regir\u00e1 los caminos de la evangelizaci\u00f3n en medio de un mundo secularizado y con fuertes tendencias al relativismo.<\/p>\n<p>La cita de los fieles cat\u00f3licos se cumpli\u00f3 en la parroquia consagrada a San Francisco de As\u00eds, santo que inspir\u00f3 el nombre del cardenal Jorge Mario Bergoglio, nuevo vicario de Cristo en la Tierra. La ceremonia contempl\u00f3 la eucarist\u00eda de acci\u00f3n de gracias por el pontificado que comienza.<\/p>\n<p>Su Santidad Francisco remplaza en el solio de Pedro al papa Benedicto XVI, quien se retir\u00f3 por edad. Hac\u00eda 600 a\u00f1os la Iglesia Cat\u00f3lica no ten\u00eda dos pont\u00edfices vivos. El cardenal Joseph Ratzinger adopt\u00f3 el t\u00edtulo honorario de Papa Em\u00e9rito.<\/p>\n<p>Monse\u00f1or Julio C\u00e9sar Vidal Ortiz, Obispo de la Di\u00f3cesis de C\u00facuta, destac\u00f3 como caracter\u00edsticas requeridas para el reto que asume el cardenal Bergoglio, santidad de vida y caudal de doctrina y caridad, cualidades que posee el pont\u00edfice.<\/p>\n<p>\u201cEste continente fue evangelizado por europeos. Recibimos la fe que profesamos, especialmente, de espa\u00f1oles y ahora que los papas nos est\u00e1n diciendo que los latinoamericanos tenemos la gran responsabilidad de la evangelizaci\u00f3n del mundo, se nos invita a vivir plenamente la fe y a compartirla\u201d, dijo monse\u00f1or Vidal.<\/p>\n<p>Su santidad Francisco es de nacionalidad argentina. Es el primero de los 266 papas salidos del continente americano. La entronizaci\u00f3n est\u00e1 prevista para el 19 de marzo, d\u00eda de San Jos\u00e9.<\/p>\n<p>La Di\u00f3cesis de C\u00facuta quiere ser misionera y ha empezado a apoyar otras iglesias particulares. \u201cQueremos predicar el Evangelio donde se necesite. Tenemos sacerdotes en Bogot\u00e1, M\u00e9xico, Burgos y, pr\u00f3ximamente, Venezuela\u201d, dijo monse\u00f1or Julio C\u00e9sar Vidal.<\/p>\n<p>&nbsp; <\/p>\n","protected":false},"excerpt":{"rendered":"<p>C\u00daCUTA.- Cientos de cucute\u00f1os oraron a Dios Padre y pidieron que pose su esp\u00edritu en el papa Francisco, quien regir\u00e1 los caminos de la evangelizaci\u00f3n en medio de un mundo secularizado y con fuertes tendencias al relativismo. La cita de los fieles cat\u00f3licos se cumpli\u00f3 en la parroquia consagrada a San Francisco de As\u00eds, santo &hellip;<\/p>\n","protected":false},"author":1,"featured_media":16723,"comment_status":"open","ping_status":"open","sticky":false,"template":"","format":"standard","meta":{"footnotes":""},"categories":[36],"tags":[594],"class_list":["post-16722","post","type-post","status-publish","format-standard","has-post-thumbnail","hentry","category-la-voz-del-pueblo","tag-papa-francisco"],"_links":{"self":[{"href":"https:\/\/contraluzcucuta.co\/index.php?rest_route=\/wp\/v2\/posts\/16722","targetHints":{"allow":["GET"]}}],"collection":[{"href":"https:\/\/contraluzcucuta.co\/index.php?rest_route=\/wp\/v2\/posts"}],"about":[{"href":"https:\/\/contraluzcucuta.co\/index.php?rest_route=\/wp\/v2\/types\/post"}],"author":[{"embeddable":true,"href":"https:\/\/contraluzcucuta.co\/index.php?rest_route=\/wp\/v2\/users\/1"}],"replies":[{"embeddable":true,"href":"https:\/\/contraluzcucuta.co\/index.php?rest_route=%2Fwp%2Fv2%2Fcomments&post=16722"}],"version-history":[{"count":2,"href":"https:\/\/contraluzcucuta.co\/index.php?rest_route=\/wp\/v2\/posts\/16722\/revisions"}],"predecessor-version":[{"id":16725,"href":"https:\/\/contraluzcucuta.co\/index.php?rest_route=\/wp\/v2\/posts\/16722\/revisions\/16725"}],"wp:featuredmedia":[{"embeddable":true,"href":"https:\/\/contraluzcucuta.co\/index.php?rest_route=\/wp\/v2\/media\/16723"}],"wp:attachment":[{"href":"https:\/\/contraluzcucuta.co\/index.php?rest_route=%2Fwp%2Fv2%2Fmedia&parent=16722"}],"wp:term":[{"taxonomy":"category","embeddable":true,"href":"https:\/\/contraluzcucuta.co\/index.php?rest_route=%2Fwp%2Fv2%2Fcategories&post=16722"},{"taxonomy":"post_tag","embeddable":true,"href":"https:\/\/contraluzcucuta.co\/index.php?rest_route=%2Fwp%2Fv2%2Ftags&post=16722"}],"curies":[{"name":"wp","href":"https:\/\/api.w.org\/{rel}","templated":true}]}}