{"id":16619,"date":"2013-03-08T19:33:36","date_gmt":"2013-03-09T00:33:36","guid":{"rendered":"http:\/\/contraluzcucuta.co\/?p=16619"},"modified":"2013-03-08T19:33:36","modified_gmt":"2013-03-09T00:33:36","slug":"dentro-de-dos-anos-presidire-este-acto-chavez","status":"publish","type":"post","link":"https:\/\/contraluzcucuta.co\/?p=16619","title":{"rendered":"\u201cDentro de dos a\u00f1os presidir\u00e9 este acto\u201d: Ch\u00e1vez"},"content":{"rendered":"<p><b>CARACAS.-<\/b> Como periodista activo en un medio de comunicaci\u00f3n\u00a0 fui uno\u00a0 de los muchos venezolanos que tuvo comunicaci\u00f3n directa con el presidente Hugo Ch\u00e1vez en numerosas oportunidades, en las que trat\u00e9 de \u201csacarle\u201d lo que podr\u00eda ser noticia en cada momento.<\/p>\n<p>Ayer, avanzada la tarde, cuando me hallaba en la funeraria Vall\u00e9s, en La Florida, acompa\u00f1ando a familiares y amigos de un colega de la fotograf\u00eda de El Universal, Enio Perdomo, a quien conoc\u00eda desde 1967 y la muerte lo sorprendi\u00f3 en plena redacci\u00f3n a los 77 a\u00f1os, lleg\u00f3 a mi celular la noticia m\u00e1s importante de los \u00faltimos a\u00f1os: Muri\u00f3, dec\u00eda un mensaje de texto de una colega que est\u00e1 en la FFAANN. Entr\u00f3 otro, \u2018muri\u00f3 Ch\u00e1vez\u2019, indicaba un twitter de El Mundo de la Cadena Capriles, enseguida el de mi hija Paula.<\/p>\n<p>La funeraria qued\u00f3 sola. La mayor\u00eda eran reporteros gr\u00e1ficos y se fueron a sus peri\u00f3dicos ante la\u00a0 noticia \u201cen pleno desarrollo\u201d. La red se satur\u00f3 de inmediato y no hab\u00eda comunicaci\u00f3n de ning\u00fan tipo. Eduardo Orozco, quien me acompa\u00f1aba, me dijo: \u201cv\u00e1monos Zambrano\u201d.<\/p>\n<p>La ciudad se fue trancando con el tr\u00e1fico automotor. Entretanto, la gente sal\u00eda a paso acelerado de sus trabajos. Una inmensa cantidad de negocios cerr\u00f3 de inmediato. En las panader\u00edas se notaban fuertes colas desde la calle intentando comprar pan, leche y refrescos. Despu\u00e9s de dos horas y media de intensa cola, Eduardo me dej\u00f3 en mi casa.<\/p>\n<p>Empec\u00e9 a recordar la tarde del 4 de febrero, cuando estuve en la sede del Ministerio de la Defensa, en Fuerte Tiuna,\u00a0 donde Ch\u00e1vez, rendido, le habl\u00f3 al pa\u00eds y pronunci\u00f3 ese \u201cPor ahora\u201d. Nunca fui a Yare, pues el trabajo de tratar de entrevistarlo se lo dejaban a las colegas que siempre se mostraban deseosas de hacerlo.<\/p>\n<p>A Ch\u00e1vez, al salir en libertad y comenzar su contacto con los venezolanos de pueblo en pueblo, lo atend\u00ed no menos de cinco veces en la Planta Baja de la Torre de La Prensa. All\u00ed llegaba generalmente los viernes o domingos por la tarde a declarar contra lo que consideraba injusto. Los colegas le sacaban el cuerpo, primero porque se estaban yendo y luego porque no generaba noticias publicables.<\/p>\n<p>Una tarde, el director H\u00e9ctor Collins me dijo \u201carranca para Maiquet\u00eda con un fot\u00f3grafo. Ch\u00e1vez se va de viaje. Averigua para d\u00f3nde\u201d. Lo agarr\u00e9 cuando iba a pasar el torniquete y medio sorprendido me dijo: \u201cVoy para Cuba, qui\u00e9n sabe qu\u00e9 dir\u00e1 el gobierno ma\u00f1ana\u201d. Fue la vez que Fidel lo recibi\u00f3 con honores al bajar del avi\u00f3n.<\/p>\n<p>Siendo candidato presidencial le pidi\u00f3 una reuni\u00f3n a Fedec\u00e1maras y lleg\u00f3 con Juan Barreto a la cita. No nos permitieron entrar a ese encuentro, pero al final todos salieron sonrientes y complacidos.<\/p>\n<p>El \u00faltimo a\u00f1o del gobierno de Caldera, en un acto de aniversario de La Batalla de Carabobo, en el Campo de Carabobo, en Valencia, a eso de las 11:00 de la ma\u00f1ana notamos un revuelo de la Casa Militar. El general Rojas P\u00e9rez, yerno de Caldera, nos mand\u00f3 a decir con un teniente que hab\u00eda llegado Ch\u00e1vez y que lo iban a dejar tranquilo. Una vez culminado el acto, Hugo Ch\u00e1vez, luciendo un liquilique gris o azulado, declar\u00f3 y al final dijo \u201cdentro de dos a\u00f1os yo presidir\u00e9 este acto, t\u00e9nganlo por seguro\u201d.<\/p>\n<p>As\u00ed fue. Hubo elecciones y el CNE reconoci\u00f3 el triunfo de Hugo Ch\u00e1vez. El resto de la historia es p\u00fablica y todos la conocemos. Yo cubr\u00eda Miraflores para el Diario del Mundo, desde el inicio del gobierno de Caldera. Lleg\u00f3 al fin Ch\u00e1vez al Palacio de Misia Jacinta. Completa apertura comunicacional. Ch\u00e1vez sal\u00eda casi todas las tardes y se sentaba algunas veces en la escalera que da acceso al sal\u00f3n de prensa. Otras, en los mullidos sof\u00e1s. All\u00ed contaba lo ocurrido durante buena parte del d\u00eda. Lo rode\u00e1bamos, las mujeres siempre las m\u00e1s pr\u00f3ximas. Nos dec\u00eda a qui\u00e9nes hab\u00eda recibido, qu\u00e9 le ped\u00edan. Revelaba parte del itinerario del d\u00eda siguiente. Daba una que otra noticia. Llamaba a Mart\u00edn Pacheco para que nos buscara caf\u00e9 y cachitos.<\/p>\n<p>Siempre soltaba un detallito del evento de conspiraci\u00f3n contra el gobierno de turno. Invit\u00f3 a la iglesia y a los pocos d\u00edas hubo el primer desencuentro con los jerarcas cat\u00f3licos. Comenz\u00f3 a pelear con Fedec\u00e1maras, pero segu\u00eda la amistad con los periodistas que cubr\u00edamos palacio.\u00a0 Nos preguntaba c\u00f3mo se portaban nuestros directores o due\u00f1os de medios. Era una completa luna de miel.<\/p>\n<p>Una tarde, en la redacci\u00f3n, veo venir\u00a0 hacia m\u00ed a Teodoro Petkoff y percib\u00ed que hablaba con Mart\u00edn Pacheco. Palabras menos, palabras m\u00e1s, Teodoro le dijo: \u201cMira, Mart\u00edn, dile a Hugo que le agradezco la invitaci\u00f3n, pero no puedo dejar el peri\u00f3dico. Te pongo a Zambrano para que vaya. \u00c9l es el que cubre la fuente\u201d.<\/p>\n<p>Fueron 27 d\u00edas de visita por pa\u00edses asi\u00e1ticos. Toques t\u00e9cnicos en\u00a0 Golfo P\u00e9rsico, La india, Alemania, territorio Oriental Ruso en l\u00edmites con Alaska, e Indian\u00e1polis en Estados Unidos y\u00a0 Par\u00eds.\u00a0 Fueron d\u00edas cercanos con el jefe de Estado. Presenciamos la apote\u00f3sica recibida que le brind\u00f3 la Alcald\u00eda de Shangai. El Hist\u00f3rico saludo al emperador Hirohito del Jap\u00f3n, la visita a la tumba de\u00a0 Mao,\u00a0 el en\u00e9rgico recorrido por la muralla china, las ruedas de negocios con empresarios de esos pa\u00edses. Los primeros acuerdos bilaterales con China, Corea del Sur,\u00a0 Indonesia, Filipinas, Jap\u00f3n, Hong Kong, etc\u00e9tera.<\/p>\n<p>En Pek\u00edn se registraron los primeros desacuerdos con Fedec\u00e1maras y los empresarios iniciaron el \u00e9xodo de regreso peleados con el Comandante, pues no estaban de acuerdo en que Ch\u00e1vez, en cada reuni\u00f3n con empresarios for\u00e1neos con quienes se supon\u00eda alianzas para la inversi\u00f3n, hablara mal\u00a0 del pa\u00eds destacando que\u00a0 no hab\u00eda seguridad jur\u00eddica porque adecos y copeyanos lo hab\u00edan destruido todo.<\/p>\n<p>En ese viaje y en el gigantesco avi\u00f3n, iba un conjunto de m\u00fasica venezolana, la destacada\u00a0 cocinera Helena Ibarra, unas 500 hallacas como plato t\u00edpico para que degustaran personajes de esos pueblos, tanto ron y tanta cerveza como dos camiones 350 con la misma finalidad. En la cola de la aeronave viajaba una docena de militares bien entrenados como escoltas, con cajas de municiones y granadas. As\u00ed mismo, un m\u00e9dico de descendencia china.<\/p>\n<p>En resumen, fue la primera experiencia de contacto internacional en materia de acuerdos que tuvo Ch\u00e1vez con los Tigres Asi\u00e1ticos. Muchos acuerdos a\u00fan siguen, otros murieron. No hubo seguimiento. El pueblo chavista hoy\u00a0 llora su ausencia, deja un vac\u00edo dif\u00edcil de llenar por sus m\u00e1s cercanos colaboradores. Debemos sumar esfuerzos porque reinen la paz y el entendimiento, y el pa\u00eds se dirija por la senda del desarrollo y la convivencia de todos los hijos de esta hermosa Venezuela. Paz a sus restos. Un abrazo a todos.<\/p>\n<p><b>LUIS ZAMBRANO<\/b><\/p>\n<p>V\u00eda Prensa CNP Caracas <\/p>\n","protected":false},"excerpt":{"rendered":"<p>CARACAS.- Como periodista activo en un medio de comunicaci\u00f3n\u00a0 fui uno\u00a0 de los muchos venezolanos que tuvo comunicaci\u00f3n directa con el presidente Hugo Ch\u00e1vez en numerosas oportunidades, en las que trat\u00e9 de \u201csacarle\u201d lo que podr\u00eda ser noticia en cada momento. Ayer, avanzada la tarde, cuando me hallaba en la funeraria Vall\u00e9s, en La Florida, &hellip;<\/p>\n","protected":false},"author":1,"featured_media":16620,"comment_status":"open","ping_status":"open","sticky":false,"template":"","format":"standard","meta":{"footnotes":""},"categories":[7,4],"tags":[548],"class_list":["post-16619","post","type-post","status-publish","format-standard","has-post-thumbnail","hentry","category-acontecimientos","category-barra","tag-hugo-chavez-frias"],"_links":{"self":[{"href":"https:\/\/contraluzcucuta.co\/index.php?rest_route=\/wp\/v2\/posts\/16619","targetHints":{"allow":["GET"]}}],"collection":[{"href":"https:\/\/contraluzcucuta.co\/index.php?rest_route=\/wp\/v2\/posts"}],"about":[{"href":"https:\/\/contraluzcucuta.co\/index.php?rest_route=\/wp\/v2\/types\/post"}],"author":[{"embeddable":true,"href":"https:\/\/contraluzcucuta.co\/index.php?rest_route=\/wp\/v2\/users\/1"}],"replies":[{"embeddable":true,"href":"https:\/\/contraluzcucuta.co\/index.php?rest_route=%2Fwp%2Fv2%2Fcomments&post=16619"}],"version-history":[{"count":1,"href":"https:\/\/contraluzcucuta.co\/index.php?rest_route=\/wp\/v2\/posts\/16619\/revisions"}],"predecessor-version":[{"id":16621,"href":"https:\/\/contraluzcucuta.co\/index.php?rest_route=\/wp\/v2\/posts\/16619\/revisions\/16621"}],"wp:featuredmedia":[{"embeddable":true,"href":"https:\/\/contraluzcucuta.co\/index.php?rest_route=\/wp\/v2\/media\/16620"}],"wp:attachment":[{"href":"https:\/\/contraluzcucuta.co\/index.php?rest_route=%2Fwp%2Fv2%2Fmedia&parent=16619"}],"wp:term":[{"taxonomy":"category","embeddable":true,"href":"https:\/\/contraluzcucuta.co\/index.php?rest_route=%2Fwp%2Fv2%2Fcategories&post=16619"},{"taxonomy":"post_tag","embeddable":true,"href":"https:\/\/contraluzcucuta.co\/index.php?rest_route=%2Fwp%2Fv2%2Ftags&post=16619"}],"curies":[{"name":"wp","href":"https:\/\/api.w.org\/{rel}","templated":true}]}}