{"id":16616,"date":"2013-03-07T23:15:48","date_gmt":"2013-03-08T04:15:48","guid":{"rendered":"http:\/\/contraluzcucuta.co\/?p=16616"},"modified":"2013-03-07T23:15:48","modified_gmt":"2013-03-08T04:15:48","slug":"leandro-castellanos-la-seleccion-colombia-es-mi-sueno","status":"publish","type":"post","link":"https:\/\/contraluzcucuta.co\/?p=16616","title":{"rendered":"Leandro Castellanos. La selecci\u00f3n Colombia es mi sue\u00f1o"},"content":{"rendered":"<p><b>C\u00daCUTA.-<\/b> Leandro Castellanos es la cuota nortesantandereana en el subcampe\u00f3n del f\u00fatbol profesional colombiano \u2013 2012. El portero milit\u00f3 varias temporadas en el C\u00facuta Deportivo y decidi\u00f3 darse otro aire. Pas\u00f3 por Deportivo Cali y ahora lleg\u00f3 al Deportivo Independiente Medell\u00edn.<\/p>\n<p>En el once paisa cumple destacada actuaci\u00f3n y ha dejado en alto los colores de Toledo, su pueblo natal.<\/p>\n<p><strong>\u00bfQu\u00e9 balance, en lo profesional, le dej\u00f3 el 2012?<\/strong><\/p>\n<p>Fue un buen a\u00f1o donde se llevo el equipo a lugares de privilegio y en lo personal siempre fuimos un referente para esta instituci\u00f3n.<\/p>\n<p><strong>\u00bfSirvi\u00f3 el cambio de equipo?<\/strong><\/p>\n<p>S\u00ed, totalmente. Fue positivo tomar un nuevo rumbo en la parte profesional. Me adapt\u00e9 r\u00e1pido a mis compa\u00f1eros y tengo un buen modo de vida.<\/p>\n<p><strong>\u00bfSinti\u00f3 alguna diferencia por irse a otra plaza?<\/strong><\/p>\n<p>Siempre hay diferencias, pero ac\u00e1 fueron todas positivas por la empat\u00eda que tengo con los hinchas, porque me siento a gusto con la ciudad y a\u00fan m\u00e1s en mi trabajo.<\/p>\n<p><strong>\u00bfEl DIM es el equipo so\u00f1ado para un futbolista?<\/strong><\/p>\n<p>Es un equipo grande y por ende es una plaza en la que cualquier futbolista siempre quisiera jugar.<\/p>\n<p><strong>\u00bfSe sinti\u00f3 respaldado por sus compa\u00f1eros de equipo?<\/strong><\/p>\n<p>Si, totalmente. Desde mi llegada fui bien acogido por mis compa\u00f1eros. Hicimos una familia, que a la postre fue la clave para llegar tan lejos en el torneo.<\/p>\n<p><strong>\u00bfEn lo econ\u00f3mico qued\u00f3 satisfecho con lo ganado el a\u00f1o anterior?<\/strong><\/p>\n<p>Estoy tranquilo. Creo que Dios me ha dado una bendici\u00f3n y un don con el cual puedo tener un buen nivel de vida para mi familia y para m\u00ed.<\/p>\n<p><strong>\u00bfQu\u00e9 planes profesionales tiene para este 2013?<\/strong><\/p>\n<p>Primero, buscar subir el nivel, ser l\u00edder para mi equipo, mejorar lo hecho en el a\u00f1o anterior\u00a0 y pelear un cupo en la selecci\u00f3n Colombia.<\/p>\n<p><strong>\u00bfEn lo personal qu\u00e9 hay para el futuro inmediato?<\/strong><\/p>\n<p>Hay muchas cosas que quiero hacer. Tengo muchos proyectos en mi vida, de los cuales poco a poco he ido cristalizando la mayor\u00eda. S\u00e9 que debo ser disciplinado y seguir esta conducta en busca de mi desarrollo personal.<\/p>\n<p><strong>\u00bfC\u00f3mo se sinti\u00f3 en la final del segundo torneo?<\/strong><\/p>\n<p>Me sent\u00ed tranquilo. Disfrut\u00e9 mucho ese momento. Definitivamente, ese es un privilegio que Dios me dio, as\u00ed lo asum\u00ed.<\/p>\n<p><strong>\u00bfDesde su posici\u00f3n de arquero qu\u00e9 falt\u00f3 para alcanzar la estrella?<\/strong><\/p>\n<p>Creo nos falt\u00f3, en parte, un poquito de suerte. Tambi\u00e9n, siento que nos falt\u00f3 madurez. Creo que un equipo que tenga las intenciones de ser campe\u00f3n no se puede dar el lujo de tener dos expulsados en la final.<\/p>\n<p><strong>\u00bfSinti\u00f3 decepci\u00f3n, rabia, impotencia o amargura al ver que se le escapaba el ansiado t\u00edtulo desde los penaltis?<\/strong><\/p>\n<p>Sin duda alguna que la ilusi\u00f3n que se siente es muy grande, y se siente mucha rabia en ese instante. Luego, con cabeza fr\u00eda, pienso que tengo m\u00e1s cosas qu\u00e9 agradecer que las que tengo que reprochar.<\/p>\n<p><strong>\u00bfLe hubiera gustado haber cobrado un penalti?<\/strong><\/p>\n<p>Es una responsabilidad grande. Si me hubiera tocado, lo habr\u00eda asumido con total seriedad.<\/p>\n<p><strong>\u00bfLos refuerzos son los ideales para coronarse campe\u00f3n en los 100 a\u00f1os del club?<\/strong><\/p>\n<p>Son jugadores con pasado grande e impecable. Son jugadores con experiencia. Pienso que la clave est\u00e1 en que se adapten r\u00e1pidamente al modulo y al equipo como tal.<\/p>\n<p><strong>\u00bfC\u00f3mo se la lleva con Hern\u00e1n Dar\u00edo G\u00f3mez?<\/strong><\/p>\n<p>Excelente. Creo que m\u00e1s que el director t\u00e9cnico del equipo es mi amigo. Hemos creado un buen v\u00ednculo de amistad siempre basado en el respeto mutuo.<\/p>\n<p><strong>\u00bfEl entrenador les da \u2018bolillo\u2019 a los jugadores?<\/strong><\/p>\n<p>Es un director t\u00e9cnico exigente. No deja situaciones al azar, y cuando tiene que felicitar y re\u00edr, lo hace. Cuando debe tomar otra postura m\u00e1s r\u00edgida no duda en hacerlo.<\/p>\n<p><strong>\u00bfVivir en Medell\u00edn en qu\u00e9 le cambi\u00f3 su vida?<\/strong><\/p>\n<p>Sin duda que Medell\u00edn es una ciudad hermosa, es un \u2018excelente vividero\u2019. Creo que la ciudad y la cultura de la gente lo hacen ser mejor y cambiar muchas cosas como persona.<\/p>\n<p><strong>\u00bfLas paisas son mejores hinchas que las cucute\u00f1as?<\/strong><\/p>\n<p>Hay grandes diferencias. Esta ciudad alberga cuatro equipos profesionales en la primera divisi\u00f3n del futbol Colombiano, y son cuatro equipos grandes. Pienso que los aficionados son m\u00e1s conocedores de lo que en esencia es el f\u00fatbol y eso hace m\u00e1s tranquilo todo. Estos hinchas no solo viven del resultado como pasa en otras plazas.<\/p>\n<p><strong>\u00bfLa experiencia ganada en el DIM lo enrumba hacia la Selecci\u00f3n Colombia?<\/strong><\/p>\n<p>Creo que esa es una meta trazada en mi vida como profesional del futbol. S\u00e9 que debo seguir creciendo en todos los aspectos para cumplir ese anhelo de mi coraz\u00f3n.<\/p>\n<p><strong>\u00bfCree que ha hecho m\u00e9ritos para una convocatoria?<\/strong><\/p>\n<p>S\u00ed. Creo que son muchos a\u00f1os de experiencia y siempre con buenos resultados personales. Tambi\u00e9n, tengo buena experiencia en torneos internacionales que avalan el deseo y los meritos del poder ir a la selecci\u00f3n Colombia.<\/p>\n<p><strong>\u00bfC\u00f3mo recibi\u00f3 la noticia de la salvada del descenso del C\u00facuta Deportivo?<\/strong><\/p>\n<p>Estaba muy feliz. Creo que para nadie es un secreto mi afinidad sentimental con esta instituci\u00f3n.<\/p>\n<p><strong>\u00bfQu\u00e9 motiva a Leandro Castellanos a regalarle una sonrisa a un ni\u00f1o Toledano con un obsequio en diciembre?<\/strong><\/p>\n<p>Me motiva el saber y el entender que vinimos a este mundo a servir y a dejar una huella positiva. No hay nada m\u00e1s gratificante y motivador que la sonrisa sincera de un ni\u00f1o.<\/p>\n<p><strong>\u00bfCu\u00e1l es su mensaje para los aficionados motilones para este 2013?<\/strong><\/p>\n<p>Que les deseo solo \u00e9xitos, que este a\u00f1o solo les traiga gloria y triunfos para la instituci\u00f3n y eso enmarca todo lo que es el C\u00facuta Deportivo, (jugadores, directivos, hinchas, periodistas, etc\u00e9tera).<\/p>\n<p><b>MAITE SERRANO<\/b><\/p>\n<p><a href=\"mailto:mayteser26@hotmail.com\">mayteser26@hotmail.com<\/a><\/p>\n<p>&nbsp;<\/p>\n<p><b>\u00a0<\/b> <\/p>\n","protected":false},"excerpt":{"rendered":"<p>C\u00daCUTA.- Leandro Castellanos es la cuota nortesantandereana en el subcampe\u00f3n del f\u00fatbol profesional colombiano \u2013 2012. El portero milit\u00f3 varias temporadas en el C\u00facuta Deportivo y decidi\u00f3 darse otro aire. Pas\u00f3 por Deportivo Cali y ahora lleg\u00f3 al Deportivo Independiente Medell\u00edn. En el once paisa cumple destacada actuaci\u00f3n y ha dejado en alto los colores &hellip;<\/p>\n","protected":false},"author":1,"featured_media":16617,"comment_status":"open","ping_status":"open","sticky":false,"template":"","format":"standard","meta":{"footnotes":""},"categories":[17,45],"tags":[591],"class_list":["post-16616","post","type-post","status-publish","format-standard","has-post-thumbnail","hentry","category-conversaciones-a-contraluz","category-destacado","tag-leandro-castellanos"],"_links":{"self":[{"href":"https:\/\/contraluzcucuta.co\/index.php?rest_route=\/wp\/v2\/posts\/16616","targetHints":{"allow":["GET"]}}],"collection":[{"href":"https:\/\/contraluzcucuta.co\/index.php?rest_route=\/wp\/v2\/posts"}],"about":[{"href":"https:\/\/contraluzcucuta.co\/index.php?rest_route=\/wp\/v2\/types\/post"}],"author":[{"embeddable":true,"href":"https:\/\/contraluzcucuta.co\/index.php?rest_route=\/wp\/v2\/users\/1"}],"replies":[{"embeddable":true,"href":"https:\/\/contraluzcucuta.co\/index.php?rest_route=%2Fwp%2Fv2%2Fcomments&post=16616"}],"version-history":[{"count":1,"href":"https:\/\/contraluzcucuta.co\/index.php?rest_route=\/wp\/v2\/posts\/16616\/revisions"}],"predecessor-version":[{"id":16618,"href":"https:\/\/contraluzcucuta.co\/index.php?rest_route=\/wp\/v2\/posts\/16616\/revisions\/16618"}],"wp:featuredmedia":[{"embeddable":true,"href":"https:\/\/contraluzcucuta.co\/index.php?rest_route=\/wp\/v2\/media\/16617"}],"wp:attachment":[{"href":"https:\/\/contraluzcucuta.co\/index.php?rest_route=%2Fwp%2Fv2%2Fmedia&parent=16616"}],"wp:term":[{"taxonomy":"category","embeddable":true,"href":"https:\/\/contraluzcucuta.co\/index.php?rest_route=%2Fwp%2Fv2%2Fcategories&post=16616"},{"taxonomy":"post_tag","embeddable":true,"href":"https:\/\/contraluzcucuta.co\/index.php?rest_route=%2Fwp%2Fv2%2Ftags&post=16616"}],"curies":[{"name":"wp","href":"https:\/\/api.w.org\/{rel}","templated":true}]}}