{"id":16598,"date":"2013-03-07T21:47:13","date_gmt":"2013-03-08T02:47:13","guid":{"rendered":"http:\/\/contraluzcucuta.co\/?p=16598"},"modified":"2013-03-07T21:47:13","modified_gmt":"2013-03-08T02:47:13","slug":"muerte-de-chavez-consternacion-y-tristeza","status":"publish","type":"post","link":"https:\/\/contraluzcucuta.co\/?p=16598","title":{"rendered":"Muerte de Ch\u00e1vez. Consternaci\u00f3n y tristeza"},"content":{"rendered":"<p><b>C\u00daCUTA.-<\/b> El Polo Democr\u00e1tico Alternativo, la coordinaci\u00f3n departamental y el comit\u00e9 ejecutivo \u00a0se manifestaron consternados y tristes por la muerte del presidente de la Rep\u00fablica Bolivariana de Venezuela, Hugo Rafael Ch\u00e1vez Fr\u00edas<b>, \u201c<\/b>un gran revolucionario de Venezuela y Am\u00e9rica Latina\u201d.<\/p>\n<p>Los voceros del movimiento pol\u00edtico colombiano reconocieron en Ch\u00e1vez al \u201cl\u00edder bolivariano que\u00a0 escribi\u00f3\u00a0 la\u00a0 p\u00e1gina en la historia venezolana y americanista contra el Imperialismo y sus pol\u00edticas salvajes contra la humanidad\u201d.<\/p>\n<p>Se\u00f1alaron que las posiciones asumidas desde el palacio de Miraflores permitieron \u201cpropinarle al opresor la hist\u00f3rica derrota del Alca\u201d y se se alz\u00f3 contra las leyes del capital y del mercado en defensa del pueblo.<\/p>\n<p>En un corto comunicado divulgado ayer, los representantes del Polo en Norte de Santander afirmaron que Hugo Ch\u00e1vez \u201crecuper\u00f3 el legado integracionista de Bol\u00edvar, Mart\u00ed, Artigas, Sandino y otros revolucionarios de nuestra Am\u00e9rica\u201d.<\/p>\n<p>Remataron el documento, firmado por Crisanto Torres,\u00a0 coordinador departamental; Jes\u00fas Gereda, secretario general, y Ra\u00fal Marmolejo, tesorero, con la frase de Jos\u00e9 Mart\u00ed &#8220;La muerte no es verdad cuando se ha cumplido bien la obra de la vida&#8221;.<\/p>\n<p>&nbsp; <\/p>\n","protected":false},"excerpt":{"rendered":"<p>C\u00daCUTA.- El Polo Democr\u00e1tico Alternativo, la coordinaci\u00f3n departamental y el comit\u00e9 ejecutivo \u00a0se manifestaron consternados y tristes por la muerte del presidente de la Rep\u00fablica Bolivariana de Venezuela, Hugo Rafael Ch\u00e1vez Fr\u00edas, \u201cun gran revolucionario de Venezuela y Am\u00e9rica Latina\u201d. Los voceros del movimiento pol\u00edtico colombiano reconocieron en Ch\u00e1vez al \u201cl\u00edder bolivariano que\u00a0 escribi\u00f3\u00a0 la\u00a0 &hellip;<\/p>\n","protected":false},"author":1,"featured_media":16599,"comment_status":"open","ping_status":"open","sticky":false,"template":"","format":"standard","meta":{"footnotes":""},"categories":[7,4],"tags":[589],"class_list":["post-16598","post","type-post","status-publish","format-standard","has-post-thumbnail","hentry","category-acontecimientos","category-barra","tag-sepelio-de-chavez"],"_links":{"self":[{"href":"https:\/\/contraluzcucuta.co\/index.php?rest_route=\/wp\/v2\/posts\/16598","targetHints":{"allow":["GET"]}}],"collection":[{"href":"https:\/\/contraluzcucuta.co\/index.php?rest_route=\/wp\/v2\/posts"}],"about":[{"href":"https:\/\/contraluzcucuta.co\/index.php?rest_route=\/wp\/v2\/types\/post"}],"author":[{"embeddable":true,"href":"https:\/\/contraluzcucuta.co\/index.php?rest_route=\/wp\/v2\/users\/1"}],"replies":[{"embeddable":true,"href":"https:\/\/contraluzcucuta.co\/index.php?rest_route=%2Fwp%2Fv2%2Fcomments&post=16598"}],"version-history":[{"count":1,"href":"https:\/\/contraluzcucuta.co\/index.php?rest_route=\/wp\/v2\/posts\/16598\/revisions"}],"predecessor-version":[{"id":16600,"href":"https:\/\/contraluzcucuta.co\/index.php?rest_route=\/wp\/v2\/posts\/16598\/revisions\/16600"}],"wp:featuredmedia":[{"embeddable":true,"href":"https:\/\/contraluzcucuta.co\/index.php?rest_route=\/wp\/v2\/media\/16599"}],"wp:attachment":[{"href":"https:\/\/contraluzcucuta.co\/index.php?rest_route=%2Fwp%2Fv2%2Fmedia&parent=16598"}],"wp:term":[{"taxonomy":"category","embeddable":true,"href":"https:\/\/contraluzcucuta.co\/index.php?rest_route=%2Fwp%2Fv2%2Fcategories&post=16598"},{"taxonomy":"post_tag","embeddable":true,"href":"https:\/\/contraluzcucuta.co\/index.php?rest_route=%2Fwp%2Fv2%2Ftags&post=16598"}],"curies":[{"name":"wp","href":"https:\/\/api.w.org\/{rel}","templated":true}]}}