{"id":16594,"date":"2013-03-06T00:00:59","date_gmt":"2013-03-06T05:00:59","guid":{"rendered":"http:\/\/contraluzcucuta.co\/?p=16594"},"modified":"2013-03-06T00:00:59","modified_gmt":"2013-03-06T05:00:59","slug":"muerte-de-chavez-a-mantener-el-legado","status":"publish","type":"post","link":"https:\/\/contraluzcucuta.co\/?p=16594","title":{"rendered":"Muerte de Ch\u00e1vez. A mantener el legado"},"content":{"rendered":"<p><b>C\u00daCUTA.-<\/b> El director del Movimiento Comunero Socialista Bolivariano de Colombia, David Corredor, expres\u00f3 &#8220;profunda tristeza&#8221; por el fallecimiento del presidente venezolano Hugo Ch\u00e1vez.<\/p>\n<p>&#8220;Desde el MSB queremos decirle al mundo que concebimos la noticia con mucha tristeza\u201d, se\u00f1al\u00f3 en las primeras declaraciones tras conocer la muerte del mandatario.<\/p>\n<p>La noticia del fallecimiento la comunic\u00f3 el vicepresidente Nicol\u00e1s Maduro. El mundo permaneci\u00f3 expectante por la salud de Ch\u00e1vez durante los \u00faltimos tres meses. El deceso ocurri\u00f3 en Caracas.<\/p>\n<p>Corredor dijo que el MSB se compromete, ante la memoria del Presidente, a tomar la bandera.<\/p>\n<p>Agencia EFE <\/p>\n","protected":false},"excerpt":{"rendered":"<p>C\u00daCUTA.- El director del Movimiento Comunero Socialista Bolivariano de Colombia, David Corredor, expres\u00f3 &#8220;profunda tristeza&#8221; por el fallecimiento del presidente venezolano Hugo Ch\u00e1vez. &#8220;Desde el MSB queremos decirle al mundo que concebimos la noticia con mucha tristeza\u201d, se\u00f1al\u00f3 en las primeras declaraciones tras conocer la muerte del mandatario. La noticia del fallecimiento la comunic\u00f3 el &hellip;<\/p>\n","protected":false},"author":1,"featured_media":16595,"comment_status":"open","ping_status":"open","sticky":false,"template":"","format":"standard","meta":{"footnotes":""},"categories":[7,36],"tags":[548],"class_list":["post-16594","post","type-post","status-publish","format-standard","has-post-thumbnail","hentry","category-acontecimientos","category-la-voz-del-pueblo","tag-hugo-chavez-frias"],"_links":{"self":[{"href":"https:\/\/contraluzcucuta.co\/index.php?rest_route=\/wp\/v2\/posts\/16594","targetHints":{"allow":["GET"]}}],"collection":[{"href":"https:\/\/contraluzcucuta.co\/index.php?rest_route=\/wp\/v2\/posts"}],"about":[{"href":"https:\/\/contraluzcucuta.co\/index.php?rest_route=\/wp\/v2\/types\/post"}],"author":[{"embeddable":true,"href":"https:\/\/contraluzcucuta.co\/index.php?rest_route=\/wp\/v2\/users\/1"}],"replies":[{"embeddable":true,"href":"https:\/\/contraluzcucuta.co\/index.php?rest_route=%2Fwp%2Fv2%2Fcomments&post=16594"}],"version-history":[{"count":2,"href":"https:\/\/contraluzcucuta.co\/index.php?rest_route=\/wp\/v2\/posts\/16594\/revisions"}],"predecessor-version":[{"id":16597,"href":"https:\/\/contraluzcucuta.co\/index.php?rest_route=\/wp\/v2\/posts\/16594\/revisions\/16597"}],"wp:featuredmedia":[{"embeddable":true,"href":"https:\/\/contraluzcucuta.co\/index.php?rest_route=\/wp\/v2\/media\/16595"}],"wp:attachment":[{"href":"https:\/\/contraluzcucuta.co\/index.php?rest_route=%2Fwp%2Fv2%2Fmedia&parent=16594"}],"wp:term":[{"taxonomy":"category","embeddable":true,"href":"https:\/\/contraluzcucuta.co\/index.php?rest_route=%2Fwp%2Fv2%2Fcategories&post=16594"},{"taxonomy":"post_tag","embeddable":true,"href":"https:\/\/contraluzcucuta.co\/index.php?rest_route=%2Fwp%2Fv2%2Ftags&post=16594"}],"curies":[{"name":"wp","href":"https:\/\/api.w.org\/{rel}","templated":true}]}}