{"id":16342,"date":"2013-02-16T21:45:50","date_gmt":"2013-02-17T02:45:50","guid":{"rendered":"http:\/\/contraluzcucuta.co\/?p=16342"},"modified":"2013-02-16T21:45:50","modified_gmt":"2013-02-17T02:45:50","slug":"importancia-de-la-hora-de-ahora-y-de-la-union-fronteriza","status":"publish","type":"post","link":"https:\/\/contraluzcucuta.co\/?p=16342","title":{"rendered":"Importancia de la hora de ahora y de la uni\u00f3n fronteriza"},"content":{"rendered":"<p>1.- Que estamos en un momento mundial, singularmente importante, complejo, delicado y con variados hechos que mantienen en expectativa a amplios sectores tanto en lo social, econ\u00f3mico, pol\u00edtico como en lo religioso, cient\u00edfico e investigativo, lo demuestra sin ambages y con plenas manifestaciones el panorama nacional e internacional, con las sucesivas noticias e informes que diariamente obligan a meditar y reconocer que nos hallamos en un periodo hist\u00f3rico y de inocultable significaci\u00f3n.<\/p>\n<p>Por eso, lo que a nivel regional y local estamos experimentando, hay que observarlo, medirlo y proyectarlo, con esp\u00edritu de actualizaci\u00f3n, pero sin olvidar los fundamentos sobre los cuales nos movemos y existimos, producto de nuestra idiosincrasia, con el agregado \u2013tambi\u00e9n insustituible y prioritario \u2013 como es el visionario y pr\u00e1ctico, sobre lo que nos falta y quisi\u00e9ramos ser e impulsar.<\/p>\n<p>2.- \u00bfQu\u00e9 hacer ante esta mara\u00f1a de situaciones, en donde el desempleo, lo cambiario e inflacionario, la producci\u00f3n, las normas y los procedimientos, junto a las demandas y las ofertas, el cr\u00e9dito, los incentivos y los est\u00edmulos, y las coordinaciones interinstitucionales no son solo nacionales sino internacionales, por los factores de precio, calidad, tecnolog\u00eda y competencia?<\/p>\n<p>No es tarea f\u00e1cil acordar y buscar soluciones compartidas si no hay un inter\u00e9s conjunto, como lo exige la hora de ahora. Y, menos, si el sentido unitario de lo b\u00e1sico y esencial no tiene en cuenta \u2013 con realismo &#8211; lo que acontece en las \u00e1reas perif\u00e9ricas de los estados, no obstante, ser \u00a0verdaderos nudos articulares del proceso de integraci\u00f3n. Por eso, es indispensable que el exagerado centralismo comprenda que hay vac\u00edos por llenar. Y que los voceros de los gobiernos \u2013en sus diversos niveles y calificaciones \u2013 y los correspondientes a la sociedad civil y del ciudadano com\u00fan, trabajen propendiendo por la uni\u00f3n y la labor en equipo, para que haya el acierto que se espera, y pulsando y valorando las realidades que m\u00e1s requieren inmediata y coordinada atenci\u00f3n. En raz\u00f3n a estas causas o factores, las fronteras &#8211; en especial los pobladores \u2013 son quienes reciben directamente las concomitancias, influjos y reflejos de esas determinaciones, como lo prueban indicadores y en particular la galopante informalidad y nuestro escaso desarrollo.<\/p>\n<p>Y, por eso mismo, la urgencia y la conveniencia de llegar a entendimientos y acuerdos \u2013parciales o generales \u2013entre los estados para que la validez y vigencia de lo que se pacte cumpla los<br \/>\ncometidos que se ans\u00edan y nazcan inversiones, innovaciones, asociaciones y labores mancomunadas educativas y promotoras de lo industrial y tecnol\u00f3gico a lado y lado de los l\u00edmites, junto a una representatividad fronteriza, que sea verdaderamente actuante y participativa.<\/p>\n<p>3.- Por eso, es loable y debe recibirse con satisfacci\u00f3n que los gobiernos de las \u00e1reas fronterizas intervecinas y con la presencia y participaci\u00f3n de quienes integran los n\u00facleos laborales, empresariales, profesionales, acad\u00e9micos, que conforman las fuerzas vivas, se acerquen, dialoguen y eval\u00faen con esp\u00edritu emprendedor y visionario, sin extraviar la identidad, el esp\u00edritu de pertenencia, acciones, conductas y par\u00e1metros de convivencia, coparticipaci\u00f3n y progreso. Compartido para que voces y esfuerzos lleguen hasta los poderes centrales. Si esto se logra y sobre la mesa de entendimientos priman estos prop\u00f3sitos, se puede apostar con seguridad que el porvenir de estas regiones ser\u00e1 vigoroso y de trascendentes efectos locales, regionales, binacionales e internacionales, porque har\u00edamos tr\u00e1nsito de lo marginal y abandonado a lo productivo y respaldado.<\/p>\n<p>S\u00ed, es la hora de pensar y obrar en grande, bajo el amparo del mutuo respeto y de la uni\u00f3n, para que los planes, programas y proyectos comprometan a todas las generaciones y se traduzcan en ejemplarizantes pol\u00edticas de Estado, para la complementaci\u00f3n y mayor integraci\u00f3n fronteriza.<\/p>\n<p>&nbsp; <\/p>\n","protected":false},"excerpt":{"rendered":"<p>1.- Que estamos en un momento mundial, singularmente importante, complejo, delicado y con variados hechos que mantienen en expectativa a amplios sectores tanto en lo social, econ\u00f3mico, pol\u00edtico como en lo religioso, cient\u00edfico e investigativo, lo demuestra sin ambages y con plenas manifestaciones el panorama nacional e internacional, con las sucesivas noticias e informes que &hellip;<\/p>\n","protected":false},"author":1,"featured_media":16343,"comment_status":"open","ping_status":"open","sticky":false,"template":"","format":"standard","meta":{"footnotes":""},"categories":[14,6],"tags":[578,579],"class_list":["post-16342","post","type-post","status-publish","format-standard","has-post-thumbnail","hentry","category-articulistas","category-ojo-avizor","tag-frontera-colombo-venezolana","tag-puente-francisco-de-paula-santander"],"_links":{"self":[{"href":"https:\/\/contraluzcucuta.co\/index.php?rest_route=\/wp\/v2\/posts\/16342","targetHints":{"allow":["GET"]}}],"collection":[{"href":"https:\/\/contraluzcucuta.co\/index.php?rest_route=\/wp\/v2\/posts"}],"about":[{"href":"https:\/\/contraluzcucuta.co\/index.php?rest_route=\/wp\/v2\/types\/post"}],"author":[{"embeddable":true,"href":"https:\/\/contraluzcucuta.co\/index.php?rest_route=\/wp\/v2\/users\/1"}],"replies":[{"embeddable":true,"href":"https:\/\/contraluzcucuta.co\/index.php?rest_route=%2Fwp%2Fv2%2Fcomments&post=16342"}],"version-history":[{"count":1,"href":"https:\/\/contraluzcucuta.co\/index.php?rest_route=\/wp\/v2\/posts\/16342\/revisions"}],"predecessor-version":[{"id":16344,"href":"https:\/\/contraluzcucuta.co\/index.php?rest_route=\/wp\/v2\/posts\/16342\/revisions\/16344"}],"wp:featuredmedia":[{"embeddable":true,"href":"https:\/\/contraluzcucuta.co\/index.php?rest_route=\/wp\/v2\/media\/16343"}],"wp:attachment":[{"href":"https:\/\/contraluzcucuta.co\/index.php?rest_route=%2Fwp%2Fv2%2Fmedia&parent=16342"}],"wp:term":[{"taxonomy":"category","embeddable":true,"href":"https:\/\/contraluzcucuta.co\/index.php?rest_route=%2Fwp%2Fv2%2Fcategories&post=16342"},{"taxonomy":"post_tag","embeddable":true,"href":"https:\/\/contraluzcucuta.co\/index.php?rest_route=%2Fwp%2Fv2%2Ftags&post=16342"}],"curies":[{"name":"wp","href":"https:\/\/api.w.org\/{rel}","templated":true}]}}