{"id":16329,"date":"2013-02-15T23:02:14","date_gmt":"2013-02-16T04:02:14","guid":{"rendered":"http:\/\/contraluzcucuta.co\/?p=16329"},"modified":"2013-02-15T23:02:14","modified_gmt":"2013-02-16T04:02:14","slug":"cucuta-deportivo-patriotas-esta-tarde-en-tunja","status":"publish","type":"post","link":"https:\/\/contraluzcucuta.co\/?p=16329","title":{"rendered":"C\u00facuta Deportivo \u2013 Patriotas, esta tarde en Tunja"},"content":{"rendered":"<p><b>C\u00daCUTA.-<\/b> Los nortesantandereanos Sergio Andr\u00e9s Avellaneda Morales y Dar\u00edo Alberto Bustos remplazar\u00e1n a Jos\u00e9 Escobar y V\u00edctor\u00a0 Uribe en el partido que por la tercera fecha del f\u00fatbol profesional colombiano enfrenta al C\u00facuta Deportivo con Patriotas.<\/p>\n<p>Los motilones fueron citados\u00a0 por el profesor Guillermo Sanguinetti. El grupo viaj\u00f3, este viernes, a Tunja. Escobar y Uribe\u00a0 integraron\u00a0 la n\u00f3mina que\u00a0 enfrent\u00f3 a Quind\u00edo en el estadio General Santander, el domingo.<\/p>\n<p>El cuadro rojinegro acumula cuatro puntos, productos del empate contra Itag\u00fci (1-1) y el triunfo sobre Quind\u00edo (2-0).<\/p>\n<p>Los jugadores\u00a0\u00a0 convocados\u00a0\u00a0 para el juego en el estadio La Independencia son los siguientes:<\/p>\n<p><b>Arqueros<\/b>;\u00a0 Sergio Avellaneda y Luis Estacio.<\/p>\n<p><b>Defensas<\/b>; Edwin Del Castillo, Dar\u00edo Bustos, Juan Camilo Angulo, Dami\u00e1n Malrechauffe,\u00a0 Luis Payares y Edwin Rivas.<\/p>\n<p><b>Volantes<\/b>; Juan Carlos Quintero, Javier Ara\u00fajo, Rodrigo Soria, Javier Fl\u00f3rez y Mateo Figoli.<\/p>\n<p><b>Atacantes<\/b>; Leonardo Castro, Stiven Mendoza y\u00a0 Henry Hern\u00e1ndez.<\/p>\n<p>&nbsp; <\/p>\n","protected":false},"excerpt":{"rendered":"<p>C\u00daCUTA.- Los nortesantandereanos Sergio Andr\u00e9s Avellaneda Morales y Dar\u00edo Alberto Bustos remplazar\u00e1n a Jos\u00e9 Escobar y V\u00edctor\u00a0 Uribe en el partido que por la tercera fecha del f\u00fatbol profesional colombiano enfrenta al C\u00facuta Deportivo con Patriotas. Los motilones fueron citados\u00a0 por el profesor Guillermo Sanguinetti. El grupo viaj\u00f3, este viernes, a Tunja. Escobar y Uribe\u00a0 &hellip;<\/p>\n","protected":false},"author":1,"featured_media":16330,"comment_status":"open","ping_status":"open","sticky":false,"template":"","format":"standard","meta":{"footnotes":""},"categories":[28],"tags":[192],"class_list":["post-16329","post","type-post","status-publish","format-standard","has-post-thumbnail","hentry","category-vistazo-deportivo","tag-cucuta-deportivo"],"_links":{"self":[{"href":"https:\/\/contraluzcucuta.co\/index.php?rest_route=\/wp\/v2\/posts\/16329","targetHints":{"allow":["GET"]}}],"collection":[{"href":"https:\/\/contraluzcucuta.co\/index.php?rest_route=\/wp\/v2\/posts"}],"about":[{"href":"https:\/\/contraluzcucuta.co\/index.php?rest_route=\/wp\/v2\/types\/post"}],"author":[{"embeddable":true,"href":"https:\/\/contraluzcucuta.co\/index.php?rest_route=\/wp\/v2\/users\/1"}],"replies":[{"embeddable":true,"href":"https:\/\/contraluzcucuta.co\/index.php?rest_route=%2Fwp%2Fv2%2Fcomments&post=16329"}],"version-history":[{"count":1,"href":"https:\/\/contraluzcucuta.co\/index.php?rest_route=\/wp\/v2\/posts\/16329\/revisions"}],"predecessor-version":[{"id":16331,"href":"https:\/\/contraluzcucuta.co\/index.php?rest_route=\/wp\/v2\/posts\/16329\/revisions\/16331"}],"wp:featuredmedia":[{"embeddable":true,"href":"https:\/\/contraluzcucuta.co\/index.php?rest_route=\/wp\/v2\/media\/16330"}],"wp:attachment":[{"href":"https:\/\/contraluzcucuta.co\/index.php?rest_route=%2Fwp%2Fv2%2Fmedia&parent=16329"}],"wp:term":[{"taxonomy":"category","embeddable":true,"href":"https:\/\/contraluzcucuta.co\/index.php?rest_route=%2Fwp%2Fv2%2Fcategories&post=16329"},{"taxonomy":"post_tag","embeddable":true,"href":"https:\/\/contraluzcucuta.co\/index.php?rest_route=%2Fwp%2Fv2%2Ftags&post=16329"}],"curies":[{"name":"wp","href":"https:\/\/api.w.org\/{rel}","templated":true}]}}