{"id":16310,"date":"2013-02-15T21:13:26","date_gmt":"2013-02-16T02:13:26","guid":{"rendered":"http:\/\/contraluzcucuta.co\/?p=16310"},"modified":"2013-02-15T21:13:43","modified_gmt":"2013-02-16T02:13:43","slug":"unipamplona-y-universidad-nacional-se-unen-por-el-agro-regional","status":"publish","type":"post","link":"https:\/\/contraluzcucuta.co\/?p=16310","title":{"rendered":"Unipamplona y Universidad Nacional se unen por el agro regional"},"content":{"rendered":"<p><b>PAMPLONA.-<\/b> Las universidades de Pamplona y Nacional de Colombia suscribieron un convenio para el desarrollo de\u00a0 la especializaci\u00f3n en cultivos perennes industriales. El objetivo es proyectar profesionales id\u00f3neos en el campo agron\u00f3mico e industrializaci\u00f3n y aportar al fortalecimiento del sector agr\u00edcola de la regi\u00f3n.<\/p>\n<p>La facultad de\u00a0 ciencias agrarias llam\u00f3 a participar en la jornada acad\u00e9mica a ingenieros agr\u00f3nomos, agr\u00edcolas y forestales, y otros profesionales relacionados con esta \u00e1rea del saber.<\/p>\n<p>C\u00e9sar Villamizar, profesor adscrito al programa de ingenier\u00eda agron\u00f3mica y participante del proceso, dijo que entre los temas que se contemplar\u00e1n destacan los aspectos gen\u00e9ticos, aspectos del manejo del cultivo, distancias de siembra, sistemas de fertilizaci\u00f3n y el manejo de la plantaci\u00f3n para la producci\u00f3n. Tambi\u00e9n, \u00e1reas de poscosecha y trasformaci\u00f3n de palma africana en subproductos.<\/p>\n<p>\u201cEsta especializaci\u00f3n es primera en su tipo para el programa de ingenier\u00eda agron\u00f3mica, adscrita a la facultad de ciencias agrarias, y servir\u00e1 de preliminar para construir experiencias similares que contribuyan al fortalecimiento de la instituci\u00f3n. Nos permitir\u00e1 formar especialistas para manejar con certeza y con mejor conocimiento las plantaciones y la parte productora para obtener buenos rendimientos y cumplir con las exigencias del mercado\u201d, dijo Villamizar.<\/p>\n<p>La especializaci\u00f3n se dictar\u00e1 en modalidad presencial en el campus de Villa del Rosario, con duraci\u00f3n de dos semestres.<\/p>\n<p>&nbsp; <\/p>\n","protected":false},"excerpt":{"rendered":"<p>PAMPLONA.- Las universidades de Pamplona y Nacional de Colombia suscribieron un convenio para el desarrollo de\u00a0 la especializaci\u00f3n en cultivos perennes industriales. El objetivo es proyectar profesionales id\u00f3neos en el campo agron\u00f3mico e industrializaci\u00f3n y aportar al fortalecimiento del sector agr\u00edcola de la regi\u00f3n. La facultad de\u00a0 ciencias agrarias llam\u00f3 a participar en la jornada &hellip;<\/p>\n","protected":false},"author":1,"featured_media":16311,"comment_status":"open","ping_status":"open","sticky":false,"template":"","format":"standard","meta":{"footnotes":""},"categories":[74,4],"tags":[],"class_list":["post-16310","post","type-post","status-publish","format-standard","has-post-thumbnail","hentry","category-aula-universitaria","category-barra"],"_links":{"self":[{"href":"https:\/\/contraluzcucuta.co\/index.php?rest_route=\/wp\/v2\/posts\/16310","targetHints":{"allow":["GET"]}}],"collection":[{"href":"https:\/\/contraluzcucuta.co\/index.php?rest_route=\/wp\/v2\/posts"}],"about":[{"href":"https:\/\/contraluzcucuta.co\/index.php?rest_route=\/wp\/v2\/types\/post"}],"author":[{"embeddable":true,"href":"https:\/\/contraluzcucuta.co\/index.php?rest_route=\/wp\/v2\/users\/1"}],"replies":[{"embeddable":true,"href":"https:\/\/contraluzcucuta.co\/index.php?rest_route=%2Fwp%2Fv2%2Fcomments&post=16310"}],"version-history":[{"count":2,"href":"https:\/\/contraluzcucuta.co\/index.php?rest_route=\/wp\/v2\/posts\/16310\/revisions"}],"predecessor-version":[{"id":16313,"href":"https:\/\/contraluzcucuta.co\/index.php?rest_route=\/wp\/v2\/posts\/16310\/revisions\/16313"}],"wp:featuredmedia":[{"embeddable":true,"href":"https:\/\/contraluzcucuta.co\/index.php?rest_route=\/wp\/v2\/media\/16311"}],"wp:attachment":[{"href":"https:\/\/contraluzcucuta.co\/index.php?rest_route=%2Fwp%2Fv2%2Fmedia&parent=16310"}],"wp:term":[{"taxonomy":"category","embeddable":true,"href":"https:\/\/contraluzcucuta.co\/index.php?rest_route=%2Fwp%2Fv2%2Fcategories&post=16310"},{"taxonomy":"post_tag","embeddable":true,"href":"https:\/\/contraluzcucuta.co\/index.php?rest_route=%2Fwp%2Fv2%2Ftags&post=16310"}],"curies":[{"name":"wp","href":"https:\/\/api.w.org\/{rel}","templated":true}]}}