{"id":16081,"date":"2013-02-04T22:38:38","date_gmt":"2013-02-05T03:38:38","guid":{"rendered":"http:\/\/contraluzcucuta.co\/?p=16081"},"modified":"2013-02-04T22:38:38","modified_gmt":"2013-02-05T03:38:38","slug":"unipamplona-inicio-plan-de-modernizacion","status":"publish","type":"post","link":"https:\/\/contraluzcucuta.co\/?p=16081","title":{"rendered":"Unipamplona inici\u00f3 plan de modernizaci\u00f3n"},"content":{"rendered":"<p><strong>PAMPLONA.-<\/strong> La Alta Direcci\u00f3n de la Universidad de Pamplona, dentro de su gesti\u00f3n proyectada a fortalecer la misi\u00f3n institucional, tiene como prop\u00f3sito optimizar la prestaci\u00f3n de los servicios administrativos y de docencia, con altos est\u00e1ndares de calidad y excelencia educativa como primer paso para dar inicio a la modernizaci\u00f3n de los procesos institucionales.<\/p>\n<p>La Misi\u00f3n de la instituci\u00f3n pamplonesa, en su car\u00e1cter p\u00fablico y aut\u00f3nomo, suscribe y asume la formaci\u00f3n integral e innovadora de los estudiantes, derivada de la investigaci\u00f3n como pr\u00e1ctica central, articulada a la generaci\u00f3n de conocimientos, en los campos de las ciencias, las tecnolog\u00edas, las artes y las humanidades, con responsabilidad social y ambiental y es a partir de esta gesti\u00f3n donde el equipo administrativo y docente con el Representante de la Alta Direcci\u00f3n, Ren\u00e9 Vargas Orteg\u00f3n, Vicerrector Administrativo y Financiero, lider\u00f3 el primer Comit\u00e9 de Coordinaci\u00f3n de Control Interno, para dar cumplimiento a esta responsabilidad institucional.<\/p>\n<p>En la primera reuni\u00f3n, el Vicerrector Administrativo invit\u00f3 a los l\u00edderes de procesos a participar en el proyecto de modernizaci\u00f3n institucional que redundar\u00e1 en la trasformaci\u00f3n colectiva del claustro universitario.<\/p>\n<p>\u201cDe acuerdo con nuestra misi\u00f3n, visi\u00f3n, compromisos, principios, valores y estrategias invito a toda la comunidad universitaria para que juntos renovemos y mantengamos el Sistema Integrado de Gesti\u00f3n como un modelo est\u00e1ndar de Control Interno y a trav\u00e9s de este mejoramiento continuo, daremos cumplimiento no solo a las metas y objetivos establecidos por la Rector\u00eda, sino a la normatividad expedida por el Estado para el fortalecimiento de las entidades p\u00fablicas\u201d, indic\u00f3 Vargas Orteg\u00f3n.<\/p>\n<p>La Directora del Sistema Integrado de Gesti\u00f3n de la Calidad, Mar\u00eda Victoria Bautista, manifest\u00f3 que lo m\u00e1s importante es que la administraci\u00f3n del rector Elio Daniel Serrano, con el equipo de gobierno, tiene claridad en las herramientas de Gesti\u00f3n que debe por ley implementar la Universidad.<\/p>\n<p>\u201cEstamos en el proceso de diagn\u00f3stico, de implementaci\u00f3n de la inclusi\u00f3n de las directrices en el uso del cero papel, seg\u00fan lo dispuesto en el plan de gobierno en l\u00ednea y por otra parte nos estamos apoyando en la parte tecnol\u00f3gica que es una fortaleza en nuestra universidad, para poder llevar a fin t\u00e9rmino, todas las metas que se propone la administraci\u00f3n\u201d, se\u00f1al\u00f3.<\/p>\n<p>Dijo que se comenz\u00f3 con un primer comit\u00e9 de coordinaci\u00f3n de Control Interno, donde se establecieron compromisos y estrategias para alcanzar las metas institucionales.<\/p>\n<p>\u201cEl apoyo de la Alta Direcci\u00f3n es total para todos los procesos, enfatizado en las reuniones que ha realizado el rector Elio Serrano para el cumplimiento de la Misi\u00f3n institucional que es la academia, la extensi\u00f3n y la investigaci\u00f3n\u201d, finaliz\u00f3.<\/p>\n<p>El Ingeniero Avilio Villamizar Estrada, director del Centro Integral de Apoyo y Desarrollo Tecnol\u00f3gico (Ciadti), asegur\u00f3 que este primer paso para lograr la modernizaci\u00f3n institucional es realmente importante pues ya se han logrado definir pautas y lineamientos para desarrollar la eficiencia en los procesos administrativos y en todos los procesos de apoyo.<\/p>\n<p>\u201cB\u00e1sicamente, con el Ciadti se va iniciar un an\u00e1lisis del manejo de los procesos institucionales, al mismo tiempo buscando la optimizaci\u00f3n de los mismos y colocando a disposici\u00f3n las herramientas con las que la universidad cuenta, obviamente adelant\u00e1ndola a los procesos que la definan, con el objeto de colocarlas en implementaci\u00f3n lo m\u00e1s pronto posible y se genere un impacto positivo en lo organizacional y en la eficiencia administrativa\u201d.<\/p>\n<p>Expres\u00f3 que el proceso de Gesti\u00f3n Tecnol\u00f3gica se esforzar\u00e1 por mantener las mejores pr\u00e1cticas en cuanto al lineamiento de tecnolog\u00edas para el manejo de negocios y utilizar\u00e1 t\u00e9cnicas de modelado de negocio con el prop\u00f3sito de optimizar las tecnolog\u00edas que tiene la instituci\u00f3n pamplonesa para mejorar los procesos administrativos.<\/p>\n<p>&nbsp; <\/p>\n","protected":false},"excerpt":{"rendered":"<p>PAMPLONA.- La Alta Direcci\u00f3n de la Universidad de Pamplona, dentro de su gesti\u00f3n proyectada a fortalecer la misi\u00f3n institucional, tiene como prop\u00f3sito optimizar la prestaci\u00f3n de los servicios administrativos y de docencia, con altos est\u00e1ndares de calidad y excelencia educativa como primer paso para dar inicio a la modernizaci\u00f3n de los procesos institucionales. La Misi\u00f3n &hellip;<\/p>\n","protected":false},"author":1,"featured_media":16082,"comment_status":"open","ping_status":"open","sticky":false,"template":"","format":"standard","meta":{"footnotes":""},"categories":[74,4],"tags":[555,161],"class_list":["post-16081","post","type-post","status-publish","format-standard","has-post-thumbnail","hentry","category-aula-universitaria","category-barra","tag-rector-de-la-universidad-de-pamplona","tag-universidad-de-pamplona"],"_links":{"self":[{"href":"https:\/\/contraluzcucuta.co\/index.php?rest_route=\/wp\/v2\/posts\/16081","targetHints":{"allow":["GET"]}}],"collection":[{"href":"https:\/\/contraluzcucuta.co\/index.php?rest_route=\/wp\/v2\/posts"}],"about":[{"href":"https:\/\/contraluzcucuta.co\/index.php?rest_route=\/wp\/v2\/types\/post"}],"author":[{"embeddable":true,"href":"https:\/\/contraluzcucuta.co\/index.php?rest_route=\/wp\/v2\/users\/1"}],"replies":[{"embeddable":true,"href":"https:\/\/contraluzcucuta.co\/index.php?rest_route=%2Fwp%2Fv2%2Fcomments&post=16081"}],"version-history":[{"count":1,"href":"https:\/\/contraluzcucuta.co\/index.php?rest_route=\/wp\/v2\/posts\/16081\/revisions"}],"predecessor-version":[{"id":16083,"href":"https:\/\/contraluzcucuta.co\/index.php?rest_route=\/wp\/v2\/posts\/16081\/revisions\/16083"}],"wp:featuredmedia":[{"embeddable":true,"href":"https:\/\/contraluzcucuta.co\/index.php?rest_route=\/wp\/v2\/media\/16082"}],"wp:attachment":[{"href":"https:\/\/contraluzcucuta.co\/index.php?rest_route=%2Fwp%2Fv2%2Fmedia&parent=16081"}],"wp:term":[{"taxonomy":"category","embeddable":true,"href":"https:\/\/contraluzcucuta.co\/index.php?rest_route=%2Fwp%2Fv2%2Fcategories&post=16081"},{"taxonomy":"post_tag","embeddable":true,"href":"https:\/\/contraluzcucuta.co\/index.php?rest_route=%2Fwp%2Fv2%2Ftags&post=16081"}],"curies":[{"name":"wp","href":"https:\/\/api.w.org\/{rel}","templated":true}]}}