{"id":16075,"date":"2013-02-04T22:27:11","date_gmt":"2013-02-05T03:27:11","guid":{"rendered":"http:\/\/contraluzcucuta.co\/?p=16075"},"modified":"2013-02-04T22:27:11","modified_gmt":"2013-02-05T03:27:11","slug":"en-cucuta-vamos-de-peor-en-peor-fenalco","status":"publish","type":"post","link":"https:\/\/contraluzcucuta.co\/?p=16075","title":{"rendered":"En C\u00facuta \u201cvamos de peor en peor\u201d: Fenalco"},"content":{"rendered":"<p><strong>C\u00daCUTA.-<\/strong> Fenalco, seccional Norte de Santander, \u00a0compar\u00f3 las actividades econ\u00f3micas de enero del 2012\u00a0 con las de enero del 2013 y concluy\u00f3 que \u201ctenemos que admitir que fue peor; es decir, vamos de peor en peor\u201d.<\/p>\n<p>La apreciaci\u00f3n la hizo el presidente de la Federaci\u00f3n Nacional de Comerciantes, Rodolfo Mora Mora, en la acostumbrada carta semanal. Para aumentar el desasosiego dijo que \u201cla esperanza de que el gobierno central no solo ponga los ojos sino un plan de inversi\u00f3n para esta regi\u00f3n,\u00a0 es lejana e incierta\u201d.<\/p>\n<p>El dirigente gremial se quej\u00f3, porque cada promesa incumplida se remedia con otra promesa y cada ley que no se cumple se arregla con otra in\u00fatil o que tampoco se va a cumplir. \u201cTodo esto se refleja en el mal comportamiento econ\u00f3mico\u201d.<\/p>\n<p>Reconoci\u00f3 que ten\u00edan puestas las ilusiones en que con la inversi\u00f3n estatal en las obras indispensables, repetidas hasta la saciedad, se recuperar\u00eda el empleo, bajar\u00edan los \u00edndices de pobreza y se arreglar\u00eda la econom\u00eda regional.<\/p>\n<p>Se mostr\u00f3 agradecido con las obras ejecutadas\u00a0 para llevar a cabo los XIX Juegos Nacionales y III Paraol\u00edmpicos, aunque indic\u00f3 que la mayor\u00eda correspondi\u00f3 a arreglos a escenarios existentes. Critic\u00f3 el caso del coliseo\u00a0 Eustorgio Colmenares, reinaugurado por el presidente Juan Manuel Santos.<\/p>\n<p>En cuesti\u00f3n pol\u00edtica record\u00f3 que no ha sido posible que Santos les conceda una cita a los parlamentarios de Norte de Santander. En diciembre, el senador Iv\u00e1n Clavijo dijo que al Presidente le ha faltado entereza para con Norte de Santander.<\/p>\n<p>\u201cEsas palabras reflejan la impotencia con que ellos, nuestros dirigentes,\u00a0 tambi\u00e9n observan como Norte de Santander\u00a0\u00a0 es ignorado en las grandes y peque\u00f1as inversiones\u201d, escribi\u00f3 Rodolfo Mora.<\/p>\n<p>En medio de las cr\u00edticas, el presidente de Fenalco abri\u00f3 un espacio para comentar un hecho positivo en t\u00e9rminos econ\u00f3micos, la resoluci\u00f3n de la empresa Central Azucarera del T\u00e1chira en Ure\u00f1a de financiar los insumos agr\u00edcolas que los ca\u00f1icultores de Norte de Santander necesitan para sacar la pr\u00f3xima cosecha\u00a0 de ca\u00f1a.<\/p>\n<p>\u201cLa tabla de salvaci\u00f3n\u00a0 que\u00a0 el\u00a0 Ministerio de Agricultura de Colombia no les ha otorgado a nuestros ca\u00f1icultores, la pueden estar consiguiendo con esta empresa del otro lado de la frontera\u201d.<\/p>\n<p>El anuncio asegura el empleo para buena cantidad de familias que derivan su sustento del cultivo de la ca\u00f1a de az\u00facar en Norte de Santander. \u201cCreemos que puede ser el inicio de unas buenas relaciones entre los gobernadores del T\u00e1chira y de Norte de Santander, como tambi\u00e9n de los alcaldes de los municipios de las dos zonas de frontera, y a nuestro Gobernador que\u00a0 ha tenido injerencia en estas negociaciones le damos nuestra voz de aliento y respaldo para que contin\u00fae construyendo esta integraci\u00f3n que va a beneficiar en t\u00e9rminos sociales y econ\u00f3micos a esta comunidad fronteriza\u201d.<\/p>\n<p>Estos hechos, dijo Rodolfo Mora, afianzan la confianza sirven de amortiguador para las asperezas que en ocasiones se presentan entre Bogot\u00e1 y Caracas, y \u201cque nos afectan y que luego somos abandonados a nuestra suerte como actualmente nos est\u00e1 ocurriendo\u201d.<\/p>\n<p>&nbsp; <\/p>\n","protected":false},"excerpt":{"rendered":"<p>C\u00daCUTA.- Fenalco, seccional Norte de Santander, \u00a0compar\u00f3 las actividades econ\u00f3micas de enero del 2012\u00a0 con las de enero del 2013 y concluy\u00f3 que \u201ctenemos que admitir que fue peor; es decir, vamos de peor en peor\u201d. La apreciaci\u00f3n la hizo el presidente de la Federaci\u00f3n Nacional de Comerciantes, Rodolfo Mora Mora, en la acostumbrada carta &hellip;<\/p>\n","protected":false},"author":1,"featured_media":16076,"comment_status":"open","ping_status":"open","sticky":false,"template":"","format":"standard","meta":{"footnotes":""},"categories":[541,4],"tags":[378],"class_list":["post-16075","post","type-post","status-publish","format-standard","has-post-thumbnail","hentry","category-ciudad","category-barra","tag-fenalco"],"_links":{"self":[{"href":"https:\/\/contraluzcucuta.co\/index.php?rest_route=\/wp\/v2\/posts\/16075","targetHints":{"allow":["GET"]}}],"collection":[{"href":"https:\/\/contraluzcucuta.co\/index.php?rest_route=\/wp\/v2\/posts"}],"about":[{"href":"https:\/\/contraluzcucuta.co\/index.php?rest_route=\/wp\/v2\/types\/post"}],"author":[{"embeddable":true,"href":"https:\/\/contraluzcucuta.co\/index.php?rest_route=\/wp\/v2\/users\/1"}],"replies":[{"embeddable":true,"href":"https:\/\/contraluzcucuta.co\/index.php?rest_route=%2Fwp%2Fv2%2Fcomments&post=16075"}],"version-history":[{"count":1,"href":"https:\/\/contraluzcucuta.co\/index.php?rest_route=\/wp\/v2\/posts\/16075\/revisions"}],"predecessor-version":[{"id":16077,"href":"https:\/\/contraluzcucuta.co\/index.php?rest_route=\/wp\/v2\/posts\/16075\/revisions\/16077"}],"wp:featuredmedia":[{"embeddable":true,"href":"https:\/\/contraluzcucuta.co\/index.php?rest_route=\/wp\/v2\/media\/16076"}],"wp:attachment":[{"href":"https:\/\/contraluzcucuta.co\/index.php?rest_route=%2Fwp%2Fv2%2Fmedia&parent=16075"}],"wp:term":[{"taxonomy":"category","embeddable":true,"href":"https:\/\/contraluzcucuta.co\/index.php?rest_route=%2Fwp%2Fv2%2Fcategories&post=16075"},{"taxonomy":"post_tag","embeddable":true,"href":"https:\/\/contraluzcucuta.co\/index.php?rest_route=%2Fwp%2Fv2%2Ftags&post=16075"}],"curies":[{"name":"wp","href":"https:\/\/api.w.org\/{rel}","templated":true}]}}