{"id":16042,"date":"2013-02-03T15:33:27","date_gmt":"2013-02-03T20:33:27","guid":{"rendered":"http:\/\/contraluzcucuta.co\/?p=16042"},"modified":"2013-02-03T15:33:27","modified_gmt":"2013-02-03T20:33:27","slug":"ninos-gramaloteros-estrenaran-colegio","status":"publish","type":"post","link":"https:\/\/contraluzcucuta.co\/?p=16042","title":{"rendered":"Ni\u00f1os gramaloteros estrenar\u00e1n colegio"},"content":{"rendered":"<p><strong>GRAMALOTE.-<\/strong> Doscientos cuarenta ni\u00f1os gramaloteros tendr\u00e1n la posibilidad de iniciar sin contratiempos el a\u00f1o escolar. Los peque\u00f1os estrenar\u00e1n\u00a0 el colegio temporal Sagrado Coraz\u00f3n de Jes\u00fas, construido en la vereda Valderrama.<\/p>\n<p>Las nuevas aulas, prefabricadas en madera, tienen un \u00e1rea de seis metros de largo por siete de ancho. Fueron edificadas \u00a0cerca al albergue La Palestina. La entrega ser\u00e1 este 4 de febrero.<\/p>\n<p>El gobernador Edgar D\u00edaz, la alcaldesa Sonia Rodr\u00edguez\u00a0 y delegados del Ministerio de Educaci\u00f3n, la OIM, el Sena Humanitario, la Secretar\u00eda de Educaci\u00f3n, La Pastoral Social entregar\u00e1n 12 salones de clase. Luego, comenzar\u00e1 la construcci\u00f3n de otros dos para el \u00e1rea administrativas.<\/p>\n<p>La obra busca\u00a0 mitigar, a mediano plazo, el impacto causado por la falla geol\u00f3gica del 17 de diciembre de 2010, que dej\u00f3 sin casco urbano a los gramaloteros y provoc\u00f3 la deserci\u00f3n escolar de los ni\u00f1os del municipio por falta de instituciones educativas.<\/p>\n<p>La alianza interinstitucional con el Ministerio de Educaci\u00f3n, la OIM, el Sena y la administraci\u00f3n departamental, por medio de la Secretar\u00eda de Educaci\u00f3n, permiti\u00f3 cumplirle en este sentido a la comunidad afectada.<\/p>\n<p>Norte de Santander es \u00a0pionero en el pa\u00eds\u00a0 en la ejecuci\u00f3n del Plan de Acci\u00f3n de Emergencia Educativa. Doscientos cuarenta ni\u00f1os nacidos en el municipio iniciar\u00e1n clases en suelo gramalotero y recibir\u00e1n un equipo escolar.<\/p>\n<p>La secretaria de educaci\u00f3n departamental Luddy P\u00e1ez Ortega manifest\u00f3 que se invertir\u00e1n recursos para adecuar una cancha multifuncional en La Palestina, un hogar de paso para 60 ni\u00f1os en El Diamante \u00a0y en mobiliario escolar y bater\u00edas sanitarias para la instituci\u00f3n.<\/p>\n<p>&nbsp;<\/p>\n<p>&nbsp; <\/p>\n","protected":false},"excerpt":{"rendered":"<p>GRAMALOTE.- Doscientos cuarenta ni\u00f1os gramaloteros tendr\u00e1n la posibilidad de iniciar sin contratiempos el a\u00f1o escolar. Los peque\u00f1os estrenar\u00e1n\u00a0 el colegio temporal Sagrado Coraz\u00f3n de Jes\u00fas, construido en la vereda Valderrama. Las nuevas aulas, prefabricadas en madera, tienen un \u00e1rea de seis metros de largo por siete de ancho. Fueron edificadas \u00a0cerca al albergue La Palestina. &hellip;<\/p>\n","protected":false},"author":1,"featured_media":16043,"comment_status":"open","ping_status":"open","sticky":false,"template":"","format":"standard","meta":{"footnotes":""},"categories":[32],"tags":[13],"class_list":["post-16042","post","type-post","status-publish","format-standard","has-post-thumbnail","hentry","category-recorrido-por-la-region","tag-gramalote"],"_links":{"self":[{"href":"https:\/\/contraluzcucuta.co\/index.php?rest_route=\/wp\/v2\/posts\/16042","targetHints":{"allow":["GET"]}}],"collection":[{"href":"https:\/\/contraluzcucuta.co\/index.php?rest_route=\/wp\/v2\/posts"}],"about":[{"href":"https:\/\/contraluzcucuta.co\/index.php?rest_route=\/wp\/v2\/types\/post"}],"author":[{"embeddable":true,"href":"https:\/\/contraluzcucuta.co\/index.php?rest_route=\/wp\/v2\/users\/1"}],"replies":[{"embeddable":true,"href":"https:\/\/contraluzcucuta.co\/index.php?rest_route=%2Fwp%2Fv2%2Fcomments&post=16042"}],"version-history":[{"count":1,"href":"https:\/\/contraluzcucuta.co\/index.php?rest_route=\/wp\/v2\/posts\/16042\/revisions"}],"predecessor-version":[{"id":16044,"href":"https:\/\/contraluzcucuta.co\/index.php?rest_route=\/wp\/v2\/posts\/16042\/revisions\/16044"}],"wp:featuredmedia":[{"embeddable":true,"href":"https:\/\/contraluzcucuta.co\/index.php?rest_route=\/wp\/v2\/media\/16043"}],"wp:attachment":[{"href":"https:\/\/contraluzcucuta.co\/index.php?rest_route=%2Fwp%2Fv2%2Fmedia&parent=16042"}],"wp:term":[{"taxonomy":"category","embeddable":true,"href":"https:\/\/contraluzcucuta.co\/index.php?rest_route=%2Fwp%2Fv2%2Fcategories&post=16042"},{"taxonomy":"post_tag","embeddable":true,"href":"https:\/\/contraluzcucuta.co\/index.php?rest_route=%2Fwp%2Fv2%2Ftags&post=16042"}],"curies":[{"name":"wp","href":"https:\/\/api.w.org\/{rel}","templated":true}]}}