{"id":16032,"date":"2013-02-03T11:29:54","date_gmt":"2013-02-03T16:29:54","guid":{"rendered":"http:\/\/contraluzcucuta.co\/?p=16032"},"modified":"2013-02-03T11:29:54","modified_gmt":"2013-02-03T16:29:54","slug":"lucha-frontal-contra-la-delincuencia-organizada","status":"publish","type":"post","link":"https:\/\/contraluzcucuta.co\/?p=16032","title":{"rendered":"Lucha frontal contra la delincuencia organizada"},"content":{"rendered":"<p><strong>C\u00daCUTA.-<\/strong> La delincuencia organizada ser\u00e1 el punto de mira de las autoridades civiles, policiales y militares de C\u00facuta. As\u00ed se determin\u00f3 en el consejo de seguridad extraordinario, reunido en d\u00edas pasados en la ciudad.<\/p>\n<p>El alcalde Donamaris Ram\u00edrez, los comandantes de la Polic\u00eda Metropolitana, coronel Carlos Ernesto Rodr\u00edguez Cort\u00e9s, y del Grupo Maza, coronel William Guevara, y directores de la\u00a0 Fiscal\u00eda, CTI, Sijin y Fiscal\u00eda Especializada determinaron emprender la lucha frontal contra los grupos que alteran la tranquilidad de la ciudadan\u00eda.<\/p>\n<p>La estrategia se basar\u00e1 en ir a la ofensiva, mantener la lucha contra el porte ilegal de armas, ir a los lugares georeferenciados donde se cometen m\u00e1s delitos y maximizar la presencia de la Polic\u00eda.<\/p>\n<p>La ciudad tiene nichos de delincuencia y en esa direcci\u00f3n se apuntar\u00e1n las acciones para erradicar y cerrarles las puertas a los malhechores. \u201cTenemos que estar a la ofensiva y por eso tambi\u00e9n usaremos la pol\u00edtica de prevenci\u00f3n, apoy\u00e1ndonos con inteligencia y acci\u00f3n\u201d, dijo el Alcalde.<\/p>\n<p>Las cuatro unidades especializadas de fiscales respaldar\u00e1n la lucha contra las bandas criminales. La presencia del Ej\u00e9rcito en la zona rural del municipio y en lugares donde pulula el peligro, se incrementar\u00e1 y har\u00e1 m\u00e1s efectiva.<\/p>\n<p>El sector rural se presta para el \u00a0ingreso de pasta de coca, para ser trasformada en la ciudad, y convertirse en elemento generador de hechos delictivos y homicidios entre los delincuentes.\u00a0 \u201cLa idea es neutralizar el tr\u00e1fico y microtr\u00e1fico en la parte urbana y evitar que entre la coca y salgan los delincuentes por la zona rural\u201d, apunt\u00f3 Donamaris Ram\u00edrez.<\/p>\n<p>Las operaciones ser\u00e1n contundentes, especialmente en los nichos de la extorsi\u00f3n detectados en Cenabastos y los sanandresitos. Junto con otras estrategias se bajar\u00e1 el \u00edndice de homicidios en la ciudad, como ocurri\u00f3 en enero, que de 24 en el 2012, se redujo a 20.<\/p>\n<p>La Alcald\u00eda entregar\u00e1 50 motos a la Polic\u00eda y elementos de alta tecnolog\u00eda al Ej\u00e9rcito para la lucha contra la delincuencia al Ej\u00e9rcito. En el curso del a\u00f1o se proveer\u00e1 a las instituciones uniformadas de m\u00e1s equipos.<\/p>\n<p>REACCIONES<\/p>\n<p>1.- El comandante de la Polic\u00eda Metropolitana, coronel Carlos Rodr\u00edguez, solicitar\u00e1 el traslado de la Penitenciar\u00eda de C\u00facuta de varios delincuentes que contin\u00faan sus acciones desde el penal.<\/p>\n<p>2.- \u201cLa Fiscal\u00eda, la Polic\u00eda, el Ej\u00e9rcito, la Sijin y el CTI trabajar\u00e1n unidos, porque queremos y debemos dar parte de uni\u00f3n para tranquilidad de la ciudad\u201d: alcalde Donamaris Ram\u00edrez.<\/p>\n<p>3.- \u00a0\u201cLe vamos a meter m\u00e1s la mano a la parte rural\u201d: coronel William Guevara, comandante del Grupo Maza.<\/p>\n<p>&nbsp; <\/p>\n","protected":false},"excerpt":{"rendered":"<p>C\u00daCUTA.- La delincuencia organizada ser\u00e1 el punto de mira de las autoridades civiles, policiales y militares de C\u00facuta. As\u00ed se determin\u00f3 en el consejo de seguridad extraordinario, reunido en d\u00edas pasados en la ciudad. El alcalde Donamaris Ram\u00edrez, los comandantes de la Polic\u00eda Metropolitana, coronel Carlos Ernesto Rodr\u00edguez Cort\u00e9s, y del Grupo Maza, coronel William &hellip;<\/p>\n","protected":false},"author":1,"featured_media":16033,"comment_status":"open","ping_status":"open","sticky":false,"template":"","format":"standard","meta":{"footnotes":""},"categories":[11,4],"tags":[565,293],"class_list":["post-16032","post","type-post","status-publish","format-standard","has-post-thumbnail","hentry","category-cronica-roja","category-barra","tag-grupo-maza","tag-policia-metropolitana-de-cucuta"],"_links":{"self":[{"href":"https:\/\/contraluzcucuta.co\/index.php?rest_route=\/wp\/v2\/posts\/16032","targetHints":{"allow":["GET"]}}],"collection":[{"href":"https:\/\/contraluzcucuta.co\/index.php?rest_route=\/wp\/v2\/posts"}],"about":[{"href":"https:\/\/contraluzcucuta.co\/index.php?rest_route=\/wp\/v2\/types\/post"}],"author":[{"embeddable":true,"href":"https:\/\/contraluzcucuta.co\/index.php?rest_route=\/wp\/v2\/users\/1"}],"replies":[{"embeddable":true,"href":"https:\/\/contraluzcucuta.co\/index.php?rest_route=%2Fwp%2Fv2%2Fcomments&post=16032"}],"version-history":[{"count":2,"href":"https:\/\/contraluzcucuta.co\/index.php?rest_route=\/wp\/v2\/posts\/16032\/revisions"}],"predecessor-version":[{"id":16035,"href":"https:\/\/contraluzcucuta.co\/index.php?rest_route=\/wp\/v2\/posts\/16032\/revisions\/16035"}],"wp:featuredmedia":[{"embeddable":true,"href":"https:\/\/contraluzcucuta.co\/index.php?rest_route=\/wp\/v2\/media\/16033"}],"wp:attachment":[{"href":"https:\/\/contraluzcucuta.co\/index.php?rest_route=%2Fwp%2Fv2%2Fmedia&parent=16032"}],"wp:term":[{"taxonomy":"category","embeddable":true,"href":"https:\/\/contraluzcucuta.co\/index.php?rest_route=%2Fwp%2Fv2%2Fcategories&post=16032"},{"taxonomy":"post_tag","embeddable":true,"href":"https:\/\/contraluzcucuta.co\/index.php?rest_route=%2Fwp%2Fv2%2Ftags&post=16032"}],"curies":[{"name":"wp","href":"https:\/\/api.w.org\/{rel}","templated":true}]}}