{"id":15885,"date":"2013-01-21T10:58:10","date_gmt":"2013-01-21T15:58:10","guid":{"rendered":"http:\/\/contraluzcucuta.co\/?p=15885"},"modified":"2013-01-21T10:58:10","modified_gmt":"2013-01-21T15:58:10","slug":"hacari-ataque-guerrillero-dejo-tres-policias-heridos","status":"publish","type":"post","link":"https:\/\/contraluzcucuta.co\/?p=15885","title":{"rendered":"Hacar\u00ed. Ataque guerrillero dej\u00f3 tres polic\u00edas heridos"},"content":{"rendered":"<p><strong>HACAR\u00cd.- <\/strong>Tres uniformados, un patrullero y dos auxiliares, con heridas leves dej\u00f3 el ataque del frente 33 de las Farc contra la Estaci\u00f3n de Polic\u00eda de Hacar\u00ed. La reacci\u00f3n de los uniformados permiti\u00f3 repeler la acci\u00f3n subversiva. La Polic\u00eda control\u00f3 la situaci\u00f3n de orden p\u00fablico en el municipio.<\/p>\n<p>El ataque ocurri\u00f3 en la noche del domingo. Los guerrilleros arrojaron dos granadas de 40 mil\u00edmetros contra la sede policial. Posteriormente, hubo cruce de disparos como parte de la pronta reacci\u00f3n de los agentes.<\/p>\n<p>Unidades del Ej\u00e9rcito y de la Fuerza A\u00e9rea iniciaron las labores de apoyo al personal policial. El reporte es de normalidad en la situaci\u00f3n de orden p\u00fablico en el municipio, dijo el coronel Eli\u00e9cer Camacho Jim\u00e9nez, comandante del Departamento de Polic\u00eda Norte de Santander. <\/p>\n","protected":false},"excerpt":{"rendered":"<p>HACAR\u00cd.- Tres uniformados, un patrullero y dos auxiliares, con heridas leves dej\u00f3 el ataque del frente 33 de las Farc contra la Estaci\u00f3n de Polic\u00eda de Hacar\u00ed. La reacci\u00f3n de los uniformados permiti\u00f3 repeler la acci\u00f3n subversiva. La Polic\u00eda control\u00f3 la situaci\u00f3n de orden p\u00fablico en el municipio. El ataque ocurri\u00f3 en la noche del &hellip;<\/p>\n","protected":false},"author":1,"featured_media":15886,"comment_status":"open","ping_status":"open","sticky":false,"template":"","format":"standard","meta":{"footnotes":""},"categories":[11,4],"tags":[511],"class_list":["post-15885","post","type-post","status-publish","format-standard","has-post-thumbnail","hentry","category-cronica-roja","category-barra","tag-coronel-eliecer-camacho"],"_links":{"self":[{"href":"https:\/\/contraluzcucuta.co\/index.php?rest_route=\/wp\/v2\/posts\/15885","targetHints":{"allow":["GET"]}}],"collection":[{"href":"https:\/\/contraluzcucuta.co\/index.php?rest_route=\/wp\/v2\/posts"}],"about":[{"href":"https:\/\/contraluzcucuta.co\/index.php?rest_route=\/wp\/v2\/types\/post"}],"author":[{"embeddable":true,"href":"https:\/\/contraluzcucuta.co\/index.php?rest_route=\/wp\/v2\/users\/1"}],"replies":[{"embeddable":true,"href":"https:\/\/contraluzcucuta.co\/index.php?rest_route=%2Fwp%2Fv2%2Fcomments&post=15885"}],"version-history":[{"count":2,"href":"https:\/\/contraluzcucuta.co\/index.php?rest_route=\/wp\/v2\/posts\/15885\/revisions"}],"predecessor-version":[{"id":15888,"href":"https:\/\/contraluzcucuta.co\/index.php?rest_route=\/wp\/v2\/posts\/15885\/revisions\/15888"}],"wp:featuredmedia":[{"embeddable":true,"href":"https:\/\/contraluzcucuta.co\/index.php?rest_route=\/wp\/v2\/media\/15886"}],"wp:attachment":[{"href":"https:\/\/contraluzcucuta.co\/index.php?rest_route=%2Fwp%2Fv2%2Fmedia&parent=15885"}],"wp:term":[{"taxonomy":"category","embeddable":true,"href":"https:\/\/contraluzcucuta.co\/index.php?rest_route=%2Fwp%2Fv2%2Fcategories&post=15885"},{"taxonomy":"post_tag","embeddable":true,"href":"https:\/\/contraluzcucuta.co\/index.php?rest_route=%2Fwp%2Fv2%2Ftags&post=15885"}],"curies":[{"name":"wp","href":"https:\/\/api.w.org\/{rel}","templated":true}]}}