{"id":15881,"date":"2013-01-21T10:24:56","date_gmt":"2013-01-21T15:24:56","guid":{"rendered":"http:\/\/contraluzcucuta.co\/?p=15881"},"modified":"2013-01-21T10:24:56","modified_gmt":"2013-01-21T15:24:56","slug":"rector-de-unipamplona-no-mirara-por-el-retrovisor","status":"publish","type":"post","link":"https:\/\/contraluzcucuta.co\/?p=15881","title":{"rendered":"Rector de Unipamplona no mirar\u00e1 por el retrovisor"},"content":{"rendered":"<p><strong>PAMPLONA.-<\/strong> El rector de la Universidad de Pamplona, Elio Daniel Serrano Velasco, dino que mirar\u00e1 por el retrovisor en el ejercicio de sus funciones y traz\u00f3 las metas por las que trabajar\u00e1 en los pr\u00f3ximos cuatro a\u00f1os.<\/p>\n<p>El anuncio lo hizo al dar la bienvenida a la comunidad universitaria. Docentes y administrativos se reintegraron a las labores despu\u00e9s del descanso de fin de a\u00f1o.<\/p>\n<p>En el mensaje present\u00f3 al cuerpo directivo, se refiri\u00f3 a las acciones que se implementar\u00e1n para lograr mayor impacto de la instituci\u00f3n mediante el establecimiento de alianzas y convenios, e invit\u00f3 a trabajar de manera conjunta para consolidar y hacer visible la universidad en la regi\u00f3n y el pa\u00eds.<\/p>\n<p>\u201cEl reunirme con el cuerpo administrativo y docente es mi manera de mostrarme de cara a las personas con las que voy a trabajar estos cuatro a\u00f1os de direccionamiento de esta casa de estudios, decirles qui\u00e9n es el rector, tener la oportunidad que conozcan lo que hemos recibido de la Universidad de Pamplona y hacia d\u00f3nde va la instituci\u00f3n. Esta administraci\u00f3n ser\u00e1 un proyecto abierto al di\u00e1logo y a la reconciliaci\u00f3n sin mirar el retrovisor\u201d, inform\u00f3 Serrano Velasco<\/p>\n<p>Dijo que adelantar\u00e1 una administraci\u00f3n de puertas abiertas, en la que imperen el di\u00e1logo, el trabajo en equipo y la concertaci\u00f3n, para fortalecer la extensi\u00f3n, apoyar los procesos de investigaci\u00f3n y reorganizar algunos procesos administrativos para que sean \u00e1giles y sirvan de apoyo a la academia.<\/p>\n<p>Entre las metas trazadas para este a\u00f1o destacan:<\/p>\n<p>1.- Incremento de la poblaci\u00f3n estudiantil<\/p>\n<p>2.- Fortalecimiento de la calidad en la gesti\u00f3n y la calidad de vida de los servidores y estudiantes<\/p>\n<p>3.- B\u00fasqueda del registro calificado de los programas que lo requieran<\/p>\n<p>4.- Visualizaci\u00f3n y posicionamiento institucional.<\/p>\n<p>&nbsp; <\/p>\n","protected":false},"excerpt":{"rendered":"<p>PAMPLONA.- El rector de la Universidad de Pamplona, Elio Daniel Serrano Velasco, dino que mirar\u00e1 por el retrovisor en el ejercicio de sus funciones y traz\u00f3 las metas por las que trabajar\u00e1 en los pr\u00f3ximos cuatro a\u00f1os. El anuncio lo hizo al dar la bienvenida a la comunidad universitaria. Docentes y administrativos se reintegraron a &hellip;<\/p>\n","protected":false},"author":1,"featured_media":15882,"comment_status":"open","ping_status":"open","sticky":false,"template":"","format":"standard","meta":{"footnotes":""},"categories":[32],"tags":[554,555],"class_list":["post-15881","post","type-post","status-publish","format-standard","has-post-thumbnail","hentry","category-recorrido-por-la-region","tag-elio-serrano","tag-rector-de-la-universidad-de-pamplona"],"_links":{"self":[{"href":"https:\/\/contraluzcucuta.co\/index.php?rest_route=\/wp\/v2\/posts\/15881","targetHints":{"allow":["GET"]}}],"collection":[{"href":"https:\/\/contraluzcucuta.co\/index.php?rest_route=\/wp\/v2\/posts"}],"about":[{"href":"https:\/\/contraluzcucuta.co\/index.php?rest_route=\/wp\/v2\/types\/post"}],"author":[{"embeddable":true,"href":"https:\/\/contraluzcucuta.co\/index.php?rest_route=\/wp\/v2\/users\/1"}],"replies":[{"embeddable":true,"href":"https:\/\/contraluzcucuta.co\/index.php?rest_route=%2Fwp%2Fv2%2Fcomments&post=15881"}],"version-history":[{"count":2,"href":"https:\/\/contraluzcucuta.co\/index.php?rest_route=\/wp\/v2\/posts\/15881\/revisions"}],"predecessor-version":[{"id":15884,"href":"https:\/\/contraluzcucuta.co\/index.php?rest_route=\/wp\/v2\/posts\/15881\/revisions\/15884"}],"wp:featuredmedia":[{"embeddable":true,"href":"https:\/\/contraluzcucuta.co\/index.php?rest_route=\/wp\/v2\/media\/15882"}],"wp:attachment":[{"href":"https:\/\/contraluzcucuta.co\/index.php?rest_route=%2Fwp%2Fv2%2Fmedia&parent=15881"}],"wp:term":[{"taxonomy":"category","embeddable":true,"href":"https:\/\/contraluzcucuta.co\/index.php?rest_route=%2Fwp%2Fv2%2Fcategories&post=15881"},{"taxonomy":"post_tag","embeddable":true,"href":"https:\/\/contraluzcucuta.co\/index.php?rest_route=%2Fwp%2Fv2%2Ftags&post=15881"}],"curies":[{"name":"wp","href":"https:\/\/api.w.org\/{rel}","templated":true}]}}