{"id":15789,"date":"2013-01-06T19:27:07","date_gmt":"2013-01-07T00:27:07","guid":{"rendered":"http:\/\/contraluzcucuta.co\/?p=15789"},"modified":"2013-01-06T19:27:07","modified_gmt":"2013-01-07T00:27:07","slug":"esperamos-ser-escuchados-a-lado-y-lado-de-los-limites","status":"publish","type":"post","link":"https:\/\/contraluzcucuta.co\/?p=15789","title":{"rendered":"Esperamos ser escuchados, a lado y lado de los l\u00edmites"},"content":{"rendered":"<p>1.- Si en verdad y con autenticidad se quieren buscar soluciones para el desarrollo de la frontera colombo-venezolana, y obviamente para las divisiones pol\u00edticas que definen y determinan a las regiones lim\u00edtrofes de cada Estado, la postura de los gobernadores, con respaldo de los embajadores y consecuencialmente de las canciller\u00edas, no puede ser otra que la b\u00fasqueda de acercamientos institucionales para que la dirigencia socioecon\u00f3mica y pol\u00edtico administrativa de cada \u00e1rea colindante formule inquietudes, expectativas y prop\u00f3sitos de superaci\u00f3n, para que se abra paso y se inicie una trascendente y ejemplarizante reestructuraci\u00f3n de estas zonas important\u00edsimas, que requieren mejor tratamiento, incentivos, est\u00edmulos y mecanismos \u2013 mediante el establecimiento de edificantes pol\u00edticas de Estado- con las cuales se puedan constituir y conformar planes, programas y proyectos impulsores de progreso y generadores de fuentes de trabajo, junto a prioridades de inversi\u00f3n\u00a0 en la\u00a0 vialidad y los\u00a0 servicios infraestructurales b\u00e1sicos, que se estiman de car\u00e1cter urgente.<\/p>\n<p>2.- Creer que las zonas y regiones fronterizas de uno y otro lado de los l\u00edmites pueden salir adelante sin un cambio y\u00a0 respaldo franco y decidido en la reestructuraci\u00f3n docente y educativa es no\u00a0 comprender y validar que primero hay que vencer las actitudes y conductas del atajo y el facilismo del contrabando y el inmediatismo corrupto, que no permite ni facilita la asociaci\u00f3n y el desarrollo productivo.<\/p>\n<p>Si con sincera prelaci\u00f3n y convocando a los m\u00e1s capaces, honestos\u00a0 y acreditados profesionales se le otorga respaldo y franco apoyo a la academia, para que la innovaci\u00f3n y la investigaci\u00f3n impulsen y proyecten lo que nos falta hacer, otro \u2013 muy otro \u2013 puede ser el porvenir de estas \u00e1reas, ahora marginales, abandonadas, informales\u00a0 y errabundas que con sus tr\u00e1nsitos por miles, como lo revelan algunas cifras migratorias, necesariamente obligan a buscar explicaciones y motivaciones sobre lo que acontece.<\/p>\n<p>3.- Y, como la integraci\u00f3n y la complementaci\u00f3n entre Colombia y Venezuela deben servir de ejemplo y vivencia continua para el continente, lo apenas elemental es dar paso y fortaleza a v\u00ednculos que vayan hasta la esencia de nuestra realidad y perspectivas, mediante la convocatoria y estructuraci\u00f3n de acciones y mecanismos asociativos que velen y hagan seguimiento permanente a lo que de manera definida y conjunta, precisen y determinen los agentes y voceros de las zonas y regiones colindantes en el proceso de trasformaci\u00f3n y producci\u00f3n.<\/p>\n<p>Para la Corporaci\u00f3n Acci\u00f3n Nortesantandereana y Fronteriza (Canyfron) este llamado y pedido a la uni\u00f3n y al trabajo compartido es una reiteraci\u00f3n de los prop\u00f3sitos constitutivos, porque ansiamos que haya m\u00e1s identidad, esp\u00edritu y sentido de pertenencia, as\u00ed como una representatividad\u00a0 socioecon\u00f3mica y pol\u00edtica m\u00e1s presencial y participativa, para vencer el letargo y el infortunado atraso, que registramos.<\/p>\n<p>Porque hay opciones y posibilidades \u00a1esperamos ser escuchados! Y el primer paso es una reuni\u00f3n de gobernadores y embajadores en la frontera.<\/p>\n<p><strong>JOS\u00c9 NEIRA REY<\/strong><\/p>\n<p><a href=\"mailto:jneirarey@hotmail.com\">jneirarey@hotmail.com<\/a><\/p>\n<p>&nbsp; <\/p>\n","protected":false},"excerpt":{"rendered":"<p>1.- Si en verdad y con autenticidad se quieren buscar soluciones para el desarrollo de la frontera colombo-venezolana, y obviamente para las divisiones pol\u00edticas que definen y determinan a las regiones lim\u00edtrofes de cada Estado, la postura de los gobernadores, con respaldo de los embajadores y consecuencialmente de las canciller\u00edas, no puede ser otra que &hellip;<\/p>\n","protected":false},"author":1,"featured_media":15791,"comment_status":"open","ping_status":"open","sticky":false,"template":"","format":"standard","meta":{"footnotes":""},"categories":[14,4],"tags":[303],"class_list":["post-15789","post","type-post","status-publish","format-standard","has-post-thumbnail","hentry","category-articulistas","category-barra","tag-jose-neira-rey"],"_links":{"self":[{"href":"https:\/\/contraluzcucuta.co\/index.php?rest_route=\/wp\/v2\/posts\/15789","targetHints":{"allow":["GET"]}}],"collection":[{"href":"https:\/\/contraluzcucuta.co\/index.php?rest_route=\/wp\/v2\/posts"}],"about":[{"href":"https:\/\/contraluzcucuta.co\/index.php?rest_route=\/wp\/v2\/types\/post"}],"author":[{"embeddable":true,"href":"https:\/\/contraluzcucuta.co\/index.php?rest_route=\/wp\/v2\/users\/1"}],"replies":[{"embeddable":true,"href":"https:\/\/contraluzcucuta.co\/index.php?rest_route=%2Fwp%2Fv2%2Fcomments&post=15789"}],"version-history":[{"count":1,"href":"https:\/\/contraluzcucuta.co\/index.php?rest_route=\/wp\/v2\/posts\/15789\/revisions"}],"predecessor-version":[{"id":15792,"href":"https:\/\/contraluzcucuta.co\/index.php?rest_route=\/wp\/v2\/posts\/15789\/revisions\/15792"}],"wp:featuredmedia":[{"embeddable":true,"href":"https:\/\/contraluzcucuta.co\/index.php?rest_route=\/wp\/v2\/media\/15791"}],"wp:attachment":[{"href":"https:\/\/contraluzcucuta.co\/index.php?rest_route=%2Fwp%2Fv2%2Fmedia&parent=15789"}],"wp:term":[{"taxonomy":"category","embeddable":true,"href":"https:\/\/contraluzcucuta.co\/index.php?rest_route=%2Fwp%2Fv2%2Fcategories&post=15789"},{"taxonomy":"post_tag","embeddable":true,"href":"https:\/\/contraluzcucuta.co\/index.php?rest_route=%2Fwp%2Fv2%2Ftags&post=15789"}],"curies":[{"name":"wp","href":"https:\/\/api.w.org\/{rel}","templated":true}]}}