{"id":15786,"date":"2013-01-06T19:07:00","date_gmt":"2013-01-07T00:07:00","guid":{"rendered":"http:\/\/contraluzcucuta.co\/?p=15786"},"modified":"2013-01-06T19:07:00","modified_gmt":"2013-01-07T00:07:00","slug":"cucuta-deportivo-sin-corredor-ni-castillo","status":"publish","type":"post","link":"https:\/\/contraluzcucuta.co\/?p=15786","title":{"rendered":"C\u00facuta Deportivo, sin Corredor ni Castillo"},"content":{"rendered":"<p><strong>C\u00daCUTA.-<\/strong> En las \u00faltimas horas, se han presentado novedades con algunos de los refuerzos anunciados para la temporada 2013. El C\u00facuta Deportivo inici\u00f3 trabajos de pretemporada el viernes, en Bogot\u00e1.<\/p>\n<p>Las primeras noticias de cara a la conformaci\u00f3n de la plantilla de jugadores dan cuenta de que el volante Rafael Castillo no super\u00f3 los ex\u00e1menes m\u00e9dicos y qued\u00f3 descartado para hacer parte del equipo rojinegro.<\/p>\n<p>La otra novedad la protagoniza el mediocampista Iv\u00e1n Corredor. Se conoci\u00f3 que tampoco estar\u00e1 con el once cucute\u00f1o. Los motivos que generaron la salida del boyacense no fueron revelados.<\/p>\n<p>El cuerpo m\u00e9dico del C\u00facuta Deportivo efectu\u00f3 la valoraci\u00f3n a Dar\u00edo Bustos, Rodrigo Soria, Jair Reinoso, Luis Payares y Miguel Monta\u00f1o. No presentaron dificultades para conformar y hacer parte del equipo que dirige el uruguayo Guillermo Sanguineti.<\/p>\n<p>Queda por conocer cu\u00e1l ser\u00e1 el movimiento de directivos y cuerpo t\u00e9cnico para sustituir estas dos bajas que se dan antes de iniciar la Liga 2013.<\/p>\n<p>&nbsp; <\/p>\n","protected":false},"excerpt":{"rendered":"<p>C\u00daCUTA.- En las \u00faltimas horas, se han presentado novedades con algunos de los refuerzos anunciados para la temporada 2013. El C\u00facuta Deportivo inici\u00f3 trabajos de pretemporada el viernes, en Bogot\u00e1. Las primeras noticias de cara a la conformaci\u00f3n de la plantilla de jugadores dan cuenta de que el volante Rafael Castillo no super\u00f3 los ex\u00e1menes &hellip;<\/p>\n","protected":false},"author":1,"featured_media":15787,"comment_status":"open","ping_status":"open","sticky":false,"template":"","format":"standard","meta":{"footnotes":""},"categories":[28],"tags":[192],"class_list":["post-15786","post","type-post","status-publish","format-standard","has-post-thumbnail","hentry","category-vistazo-deportivo","tag-cucuta-deportivo"],"_links":{"self":[{"href":"https:\/\/contraluzcucuta.co\/index.php?rest_route=\/wp\/v2\/posts\/15786","targetHints":{"allow":["GET"]}}],"collection":[{"href":"https:\/\/contraluzcucuta.co\/index.php?rest_route=\/wp\/v2\/posts"}],"about":[{"href":"https:\/\/contraluzcucuta.co\/index.php?rest_route=\/wp\/v2\/types\/post"}],"author":[{"embeddable":true,"href":"https:\/\/contraluzcucuta.co\/index.php?rest_route=\/wp\/v2\/users\/1"}],"replies":[{"embeddable":true,"href":"https:\/\/contraluzcucuta.co\/index.php?rest_route=%2Fwp%2Fv2%2Fcomments&post=15786"}],"version-history":[{"count":1,"href":"https:\/\/contraluzcucuta.co\/index.php?rest_route=\/wp\/v2\/posts\/15786\/revisions"}],"predecessor-version":[{"id":15788,"href":"https:\/\/contraluzcucuta.co\/index.php?rest_route=\/wp\/v2\/posts\/15786\/revisions\/15788"}],"wp:featuredmedia":[{"embeddable":true,"href":"https:\/\/contraluzcucuta.co\/index.php?rest_route=\/wp\/v2\/media\/15787"}],"wp:attachment":[{"href":"https:\/\/contraluzcucuta.co\/index.php?rest_route=%2Fwp%2Fv2%2Fmedia&parent=15786"}],"wp:term":[{"taxonomy":"category","embeddable":true,"href":"https:\/\/contraluzcucuta.co\/index.php?rest_route=%2Fwp%2Fv2%2Fcategories&post=15786"},{"taxonomy":"post_tag","embeddable":true,"href":"https:\/\/contraluzcucuta.co\/index.php?rest_route=%2Fwp%2Fv2%2Ftags&post=15786"}],"curies":[{"name":"wp","href":"https:\/\/api.w.org\/{rel}","templated":true}]}}