{"id":15782,"date":"2013-01-02T16:05:55","date_gmt":"2013-01-02T21:05:55","guid":{"rendered":"http:\/\/contraluzcucuta.co\/?p=15782"},"modified":"2013-01-02T16:05:55","modified_gmt":"2013-01-02T21:05:55","slug":"cucuta-deportivo-completo-la-nomina","status":"publish","type":"post","link":"https:\/\/contraluzcucuta.co\/?p=15782","title":{"rendered":"C\u00facuta Deportivo complet\u00f3 la n\u00f3mina"},"content":{"rendered":"<p><strong>C\u00daCUTA.-<\/strong> Veintis\u00e9is jugadores se presentar\u00e1n en Bogot\u00e1 para las valoraciones m\u00e9dicas por parte del grupo de especialistas del C\u00facuta Deportivo. El once rojinegro iniciar\u00e1 trabajos el 4 de enero. La pretemporada estar\u00e1 bajo las \u00f3rdenes del entrenador Guillermo Sanguinetti. El cuerpo t\u00e9cnico lo complementan Mario Carballo, Henry Vanegas y Fernando Amoroso.<\/p>\n<p>De la n\u00f3mina que estuvo en el 2012 son esperados <strong>los arqueros<\/strong> Luis Estacio, Jos\u00e9 Escobar y Sergio Avellaneda; <strong>los defensas<\/strong> Dami\u00e1n Malrechauffe, John Lozano, Edwin Del Castillo, Juan Camilo Angulo, \u00a0Edwin Rivas y Mauricio Duarte; <strong>los volantes<\/strong> Javier Fl\u00f3rez, Carlos Caicedo, Jairo Pati\u00f1o y Mateo Figoli; <strong>los delanteros<\/strong> Leonardo Castro, Henry Hern\u00e1ndez y V\u00edctor Uribe, y <strong>los juveniles<\/strong> Jonathan Lozano, Darwin Carrero y Edson Navarro.<\/p>\n<p><strong>Las novedades<\/strong><\/p>\n<p><strong>Mario Carballo (asistente t\u00e9cnico).<\/strong> Naci\u00f3 el 27 de mayo de 1966, en Montevideo. Recientemente, dirigi\u00f3 el club Bella Vista. Estuvo en Sportivo Luque\u00f1o (Paraguay), formativas de Wanders (Cuarta, Quinta y Sub 16); direcci\u00f3n t\u00e9cnica de Cuarta, Quinta y Sub 16 de F\u00e9nix (Uruguay); coordinador de planteles principales de F\u00e9nix y t\u00e9cnico alterno de Miguel \u00c1ngel Piazza, en F\u00e9nix.<\/p>\n<p><strong>Dar\u00edo Bustos (defensa). N<\/strong>aci\u00f3 el 3 de septiembre de 1985, en Villa del Rosario. Debut\u00f3 en el 2005 con Deportes Tolima, club al cual estuvo vinculado hasta el segundo semestre del 2012.<\/p>\n<p><strong>Luis Payares (defensa). N<\/strong>aci\u00f3 el 14 de enero de 1990, en Barranquilla. En el 2007, inici\u00f3 la carrera futbol\u00edstica en Deportivo Cali (2008, 2011 y 2012). Jug\u00f3 con Deportes Palmira (2009) y Pac\u00edfico F.C. (2010).<\/p>\n<p><strong>Iv\u00e1n Corredor (mediocampista). N<\/strong>aci\u00f3 el 25 de junio de 1983, en Tunja. Jug\u00f3 en Independiente Medell\u00edn (2005 -2009), Deportes Tolima (2009), Equidad (2010) y Patriotas (2011-2012).<\/p>\n<p><strong>Rafael Castillo (mediocampista)<\/strong>. Naci\u00f3 el 6 de junio de 1980, en Pereira. Jug\u00f3 en Deportivo Pereira (1996-1997), Atl\u00e9tico Nacional (2002-I-2003), Atl\u00e9tico Bucaramanga (II-2003), Independiente Medell\u00edn (2004, 2008 -2009), Millonarios (2006), Deportes Quind\u00edo (I-2007), Atl\u00e9tico Huila, II-2007), Deportes Tolima (2011) y Real Cartagena (2012). Estuvo en Egipto con Al-Ahly (2004-2005).<\/p>\n<p><strong>Rodrigo Soria (mediocampista). N<\/strong>aci\u00f3 el 14 de febrero de 1987, en Villa Dom\u00ednico (Argentina). Jug\u00f3 en Paraguay con Sportivo Carapegu\u00e1. En el 2011, integr\u00f3 la n\u00f3mina de Sportivo Luque\u00f1o. En Uruguay jug\u00f3 con Gimnasia y Esgrima de Mendoza (2010), Defensa y Justicia (2009) y Quilmes (2006-2009).<\/p>\n<p><strong>Jair Reinoso (atacante)<\/strong>. Naci\u00f3 el 7 de junio de 1985, en Cali. Pas\u00f3 porl f\u00fatbol Boliviano con los equipos Bol\u00edvar (2008-2009) y Aurora (2010-2011), y en China integr\u00f3 el Shenzhen Ruby (2011). En Colombia con el Once Caldas.<\/p>\n<p><strong>Miguel Monta\u00f1o (atacante). N<\/strong>aci\u00f3 el 25 de junio de 1991, en Palmira. Jug\u00f3 en Quilmes (Argentina &#8211; 2009 -2010), Steattle Sounders FC (Estados Unidos &#8211; 2010-2011), Montreal Impact (Canad\u00e1 &#8211; I-2012) y Deportivo Cali (II-2012).<\/p>\n<p>&nbsp; <\/p>\n","protected":false},"excerpt":{"rendered":"<p>C\u00daCUTA.- Veintis\u00e9is jugadores se presentar\u00e1n en Bogot\u00e1 para las valoraciones m\u00e9dicas por parte del grupo de especialistas del C\u00facuta Deportivo. El once rojinegro iniciar\u00e1 trabajos el 4 de enero. La pretemporada estar\u00e1 bajo las \u00f3rdenes del entrenador Guillermo Sanguinetti. El cuerpo t\u00e9cnico lo complementan Mario Carballo, Henry Vanegas y Fernando Amoroso. De la n\u00f3mina que &hellip;<\/p>\n","protected":false},"author":1,"featured_media":15783,"comment_status":"open","ping_status":"open","sticky":false,"template":"","format":"standard","meta":{"footnotes":""},"categories":[28],"tags":[545],"class_list":["post-15782","post","type-post","status-publish","format-standard","has-post-thumbnail","hentry","category-vistazo-deportivo","tag-cucuta-deportivo-2013"],"_links":{"self":[{"href":"https:\/\/contraluzcucuta.co\/index.php?rest_route=\/wp\/v2\/posts\/15782","targetHints":{"allow":["GET"]}}],"collection":[{"href":"https:\/\/contraluzcucuta.co\/index.php?rest_route=\/wp\/v2\/posts"}],"about":[{"href":"https:\/\/contraluzcucuta.co\/index.php?rest_route=\/wp\/v2\/types\/post"}],"author":[{"embeddable":true,"href":"https:\/\/contraluzcucuta.co\/index.php?rest_route=\/wp\/v2\/users\/1"}],"replies":[{"embeddable":true,"href":"https:\/\/contraluzcucuta.co\/index.php?rest_route=%2Fwp%2Fv2%2Fcomments&post=15782"}],"version-history":[{"count":1,"href":"https:\/\/contraluzcucuta.co\/index.php?rest_route=\/wp\/v2\/posts\/15782\/revisions"}],"predecessor-version":[{"id":15784,"href":"https:\/\/contraluzcucuta.co\/index.php?rest_route=\/wp\/v2\/posts\/15782\/revisions\/15784"}],"wp:featuredmedia":[{"embeddable":true,"href":"https:\/\/contraluzcucuta.co\/index.php?rest_route=\/wp\/v2\/media\/15783"}],"wp:attachment":[{"href":"https:\/\/contraluzcucuta.co\/index.php?rest_route=%2Fwp%2Fv2%2Fmedia&parent=15782"}],"wp:term":[{"taxonomy":"category","embeddable":true,"href":"https:\/\/contraluzcucuta.co\/index.php?rest_route=%2Fwp%2Fv2%2Fcategories&post=15782"},{"taxonomy":"post_tag","embeddable":true,"href":"https:\/\/contraluzcucuta.co\/index.php?rest_route=%2Fwp%2Fv2%2Ftags&post=15782"}],"curies":[{"name":"wp","href":"https:\/\/api.w.org\/{rel}","templated":true}]}}