{"id":15755,"date":"2013-01-01T19:28:22","date_gmt":"2013-01-02T00:28:22","guid":{"rendered":"http:\/\/contraluzcucuta.co\/?p=15755"},"modified":"2013-01-01T19:28:43","modified_gmt":"2013-01-02T00:28:43","slug":"asumio-nuevo-gerente-del-area-metropolitana","status":"publish","type":"post","link":"https:\/\/contraluzcucuta.co\/?p=15755","title":{"rendered":"Asumi\u00f3 nuevo gerente del \u00c1rea Metropolitana"},"content":{"rendered":"<p><strong>C\u00daCUTA.-<\/strong> Jos\u00e9 Gabriel Rom\u00e1n Medina es el nuevo gerente del \u00c1rea Metropolitana de C\u00facuta. Es abogado, tiene 45 a\u00f1os, est\u00e1 casado con Marcel Herrera y es padre de Juan Sebasti\u00e1n y Tom\u00e1s. Ha dedicado su vida a ejercer cargos locales en los que ha aportado conocimientos al desarrollo y prosperidad de la ciudad.<\/p>\n<p>El especialista en alta gerencia\u00a0 de la Universidad Libre y en sistemas de gesti\u00f3n ambiental de la Universidad Externado de Colombia, cuenta con maestr\u00eda en administraci\u00f3n de empresas de la Universidad de Vi\u00f1a del Mar y estudios en el \u00e1rea de manejo de gobierno local y desarrollo social del Ministerio de Relaciones Exteriores en Mashav,\u00a0 en la Universidad de Haifa.<\/p>\n<p>Trabaj\u00f3 nueve a\u00f1os en la Corporaci\u00f3n Aut\u00f3noma Regional de la Frontera Nororiental (Corponor) y se desempe\u00f1\u00f3 como subdirector administrativo y financiero, subdirector de Desarrollo Social y Sostenible y director encargado. Durante tres a\u00f1os estuvo en la red de ciencia, educaci\u00f3n y tecnolog\u00eda de Colombia (Inter-red).<\/p>\n<p>Uno de los retos para Rom\u00e1n Medina es sacar adelante el proyecto del trasporte masivo y hacer del \u00c1rea Metropolitana una entidad de gesti\u00f3n ante las instancias nacionales para traer inversi\u00f3n, que se reflejar\u00e1 en el desarrollo de la ciudad y los municipios del \u00c1rea Metropolitana de C\u00facuta.<\/p>\n<p>&nbsp; <\/p>\n","protected":false},"excerpt":{"rendered":"<p>C\u00daCUTA.- Jos\u00e9 Gabriel Rom\u00e1n Medina es el nuevo gerente del \u00c1rea Metropolitana de C\u00facuta. Es abogado, tiene 45 a\u00f1os, est\u00e1 casado con Marcel Herrera y es padre de Juan Sebasti\u00e1n y Tom\u00e1s. Ha dedicado su vida a ejercer cargos locales en los que ha aportado conocimientos al desarrollo y prosperidad de la ciudad. El especialista &hellip;<\/p>\n","protected":false},"author":1,"featured_media":15756,"comment_status":"open","ping_status":"open","sticky":false,"template":"","format":"standard","meta":{"footnotes":""},"categories":[541,4],"tags":[543],"class_list":["post-15755","post","type-post","status-publish","format-standard","has-post-thumbnail","hentry","category-ciudad","category-barra","tag-area-metropolitana-de-cucuta"],"_links":{"self":[{"href":"https:\/\/contraluzcucuta.co\/index.php?rest_route=\/wp\/v2\/posts\/15755","targetHints":{"allow":["GET"]}}],"collection":[{"href":"https:\/\/contraluzcucuta.co\/index.php?rest_route=\/wp\/v2\/posts"}],"about":[{"href":"https:\/\/contraluzcucuta.co\/index.php?rest_route=\/wp\/v2\/types\/post"}],"author":[{"embeddable":true,"href":"https:\/\/contraluzcucuta.co\/index.php?rest_route=\/wp\/v2\/users\/1"}],"replies":[{"embeddable":true,"href":"https:\/\/contraluzcucuta.co\/index.php?rest_route=%2Fwp%2Fv2%2Fcomments&post=15755"}],"version-history":[{"count":2,"href":"https:\/\/contraluzcucuta.co\/index.php?rest_route=\/wp\/v2\/posts\/15755\/revisions"}],"predecessor-version":[{"id":15758,"href":"https:\/\/contraluzcucuta.co\/index.php?rest_route=\/wp\/v2\/posts\/15755\/revisions\/15758"}],"wp:featuredmedia":[{"embeddable":true,"href":"https:\/\/contraluzcucuta.co\/index.php?rest_route=\/wp\/v2\/media\/15756"}],"wp:attachment":[{"href":"https:\/\/contraluzcucuta.co\/index.php?rest_route=%2Fwp%2Fv2%2Fmedia&parent=15755"}],"wp:term":[{"taxonomy":"category","embeddable":true,"href":"https:\/\/contraluzcucuta.co\/index.php?rest_route=%2Fwp%2Fv2%2Fcategories&post=15755"},{"taxonomy":"post_tag","embeddable":true,"href":"https:\/\/contraluzcucuta.co\/index.php?rest_route=%2Fwp%2Fv2%2Ftags&post=15755"}],"curies":[{"name":"wp","href":"https:\/\/api.w.org\/{rel}","templated":true}]}}