{"id":15750,"date":"2013-01-01T18:39:35","date_gmt":"2013-01-01T23:39:35","guid":{"rendered":"http:\/\/contraluzcucuta.co\/?p=15750"},"modified":"2013-01-01T18:39:35","modified_gmt":"2013-01-01T23:39:35","slug":"balance-del-corazon-verde-cero-homicidios-y-960-kilos-de-polvora-incautados","status":"publish","type":"post","link":"https:\/\/contraluzcucuta.co\/?p=15750","title":{"rendered":"Balance del \u2018Coraz\u00f3n Verde\u2019: Cero homicidios y 960 kilos de p\u00f3lvora incautados"},"content":{"rendered":"<p><strong>C\u00daCUTA.-<\/strong> Cero muertes violentas, 960 kilos de p\u00f3lvora incautados, 5 quemados, 164 ri\u00f1as, un herido y un muerte en accidente de tr\u00e1nsito es el balance judicial con el que se cerr\u00f3 el 2012 y comenz\u00f3 el 2013 en C\u00facuta y el \u00c1rea Metropolitana.<\/p>\n<p>El teniente coronel Javier Francisco Mora Jim\u00e9nez, comandante de Seguridad Ciudadana de la Polic\u00eda Metropolitana de C\u00facuta (Mecuc), resalt\u00f3 que para evitar hechos delictivos en la noche del 31 y la madrugada del primero de enero, se desplegaron operativos en las principales calles y avenidas de C\u00facuta.<\/p>\n<p>Las cifras de las acciones policiales son las siguientes:<\/p>\n<p>1.- Expedidos 83 comparendos por infracciones<\/p>\n<p>2.- Inmovilizados 83 automotores por diversas causas.<\/p>\n<p>3.- Incautados 960 kilos de p\u00f3lvora.<\/p>\n<p>4.- Decomisados 205 mu\u00f1ecos de a\u00f1oviejos<\/p>\n<p>5.- Dos adultos y tres ni\u00f1os resultaron quemados<\/p>\n<p>6.- Cero v\u00edctimas de las balas perdidas por disparos al aire<\/p>\n<p>7.- Cero intoxicados por consumo de licor adulterado.<\/p>\n<p>Las cifras son el resultado del desarrollo de la pol\u00edtica de seguridad y convivencia ciudadana implementada por la Polic\u00eda \u00a0y en cumplimiento de la estrategia de convivencia y seguridad ciudadana del Plan Integral Policial para la Seguridad del Ciudadano \u2018Coraz\u00f3n Verde\u2019.<\/p>\n<p>&nbsp; <\/p>\n","protected":false},"excerpt":{"rendered":"<p>C\u00daCUTA.- Cero muertes violentas, 960 kilos de p\u00f3lvora incautados, 5 quemados, 164 ri\u00f1as, un herido y un muerte en accidente de tr\u00e1nsito es el balance judicial con el que se cerr\u00f3 el 2012 y comenz\u00f3 el 2013 en C\u00facuta y el \u00c1rea Metropolitana. El teniente coronel Javier Francisco Mora Jim\u00e9nez, comandante de Seguridad Ciudadana de &hellip;<\/p>\n","protected":false},"author":1,"featured_media":15752,"comment_status":"open","ping_status":"open","sticky":false,"template":"","format":"standard","meta":{"footnotes":""},"categories":[11,4],"tags":[542],"class_list":["post-15750","post","type-post","status-publish","format-standard","has-post-thumbnail","hentry","category-cronica-roja","category-barra","tag-fiestas-de-fin-de-ano"],"_links":{"self":[{"href":"https:\/\/contraluzcucuta.co\/index.php?rest_route=\/wp\/v2\/posts\/15750","targetHints":{"allow":["GET"]}}],"collection":[{"href":"https:\/\/contraluzcucuta.co\/index.php?rest_route=\/wp\/v2\/posts"}],"about":[{"href":"https:\/\/contraluzcucuta.co\/index.php?rest_route=\/wp\/v2\/types\/post"}],"author":[{"embeddable":true,"href":"https:\/\/contraluzcucuta.co\/index.php?rest_route=\/wp\/v2\/users\/1"}],"replies":[{"embeddable":true,"href":"https:\/\/contraluzcucuta.co\/index.php?rest_route=%2Fwp%2Fv2%2Fcomments&post=15750"}],"version-history":[{"count":2,"href":"https:\/\/contraluzcucuta.co\/index.php?rest_route=\/wp\/v2\/posts\/15750\/revisions"}],"predecessor-version":[{"id":15754,"href":"https:\/\/contraluzcucuta.co\/index.php?rest_route=\/wp\/v2\/posts\/15750\/revisions\/15754"}],"wp:featuredmedia":[{"embeddable":true,"href":"https:\/\/contraluzcucuta.co\/index.php?rest_route=\/wp\/v2\/media\/15752"}],"wp:attachment":[{"href":"https:\/\/contraluzcucuta.co\/index.php?rest_route=%2Fwp%2Fv2%2Fmedia&parent=15750"}],"wp:term":[{"taxonomy":"category","embeddable":true,"href":"https:\/\/contraluzcucuta.co\/index.php?rest_route=%2Fwp%2Fv2%2Fcategories&post=15750"},{"taxonomy":"post_tag","embeddable":true,"href":"https:\/\/contraluzcucuta.co\/index.php?rest_route=%2Fwp%2Fv2%2Ftags&post=15750"}],"curies":[{"name":"wp","href":"https:\/\/api.w.org\/{rel}","templated":true}]}}